{"id":633,"date":"2018-04-09T17:23:53","date_gmt":"2018-04-09T15:23:53","guid":{"rendered":"http:\/\/patrick-fontaine.com\/blog\/?p=633"},"modified":"2020-03-02T14:12:51","modified_gmt":"2020-03-02T13:12:51","slug":"5-choses-que-je-naime-pas-chez-affinity-designer","status":"publish","type":"post","link":"https:\/\/patrick-fontaine.com\/blog\/2018\/04\/09\/5-choses-que-je-naime-pas-chez-affinity-designer\/","title":{"rendered":"5 choses que je n&rsquo;aime pas chez Affinity Designer"},"content":{"rendered":"<p>Dans <a href=\"https:\/\/patrick-fontaine.com\/blog\/2018\/03\/30\/5-choses-que-jadore-chez-affinity-designer\/\">le pr\u00e9c\u00e9dent article<\/a>, je faisais l&rsquo;apologie de ce logiciel de graphisme qui semble \u00eatre une bonne alternative \u00e0 <em>Photoshop <\/em>et <em>Illustrator<\/em>. C&rsquo;est vrai que <em>Affinity Designer<\/em> a de sacr\u00e9s arguments pour se faire une place aupr\u00e8s des professionnels de l&rsquo;image. Toutefois, tout n&rsquo;est pas <em>#FF1493<\/em>\u2026 enfin rose quoi.<br \/>\nJe vous d\u00e9cortique ce qui me pose le plus de probl\u00e8me en cinq points. <strong>(Article mis \u00e0 jour le 02\/03\/20)<\/strong><\/p>\n<p><!--more--><\/p>\n<figure id=\"attachment_675\" aria-describedby=\"caption-attachment-675\" style=\"width: 727px\" class=\"wp-caption aligncenter\"><img data-recalc-dims=\"1\" loading=\"lazy\" decoding=\"async\" class=\"size-full wp-image-675\" src=\"https:\/\/i0.wp.com\/patrick-fontaine.com\/blog\/wp-content\/uploads\/2018\/04\/tchac.jpg?resize=525%2C350&#038;ssl=1\" alt=\"\" width=\"525\" height=\"350\" srcset=\"https:\/\/i0.wp.com\/patrick-fontaine.com\/blog\/wp-content\/uploads\/2018\/04\/tchac.jpg?w=727&amp;ssl=1 727w, https:\/\/i0.wp.com\/patrick-fontaine.com\/blog\/wp-content\/uploads\/2018\/04\/tchac.jpg?resize=300%2C200&amp;ssl=1 300w\" sizes=\"auto, (max-width: 525px) 100vw, 525px\" \/><figcaption id=\"caption-attachment-675\" class=\"wp-caption-text\">5 trucs qui me mettent les boules.<\/figcaption><\/figure>\n<h1>1 &#8211; Gestion des fichiers <em>.psd<\/em><\/h1>\n<p>Quand on travaille avec des agences de communication, on se partage parfois les fichiers de travail pour \u00eatre le plus efficace. Dans la majorit\u00e9 des cas, \u00e7a sera des fichiers <em>.psd <\/em>car les agences travaillent avec la suite <em>Adobe<\/em>. Pour ces grosses structures, la suite Adobe est la solution la plus pertinente mais pas forc\u00e9ment pour les freelances (voir mon article \u00e0 ce propos&#160;: <a href=\"https:\/\/patrick-fontaine.com\/blog\/2018\/03\/11\/je-trompe-adobe\/\">Je trompe Adobe<\/a>).<br \/>\n<em>Affinity Designer<\/em> permet d&rsquo;ouvrir les fichiers .<em>psd<\/em> ou <em>.ai<\/em> et permet aussi d&rsquo;exporter ces propres fichiers en <em>.psd<\/em> (ou <em>.eps<\/em>, etc) pour un \u00e9change sans accroc. Enfin, \u00e7a c&rsquo;est sur le papier\u2026 En r\u00e9alit\u00e9, il y a des grosses limites \u00e0 l&rsquo;import et \u00e0 l&rsquo;export des fichiers <em>.psd<\/em>.<\/p>\n<h2>Import des <em>.psd <\/em>dans <em>Affinity Designer<br \/>\n<\/em><\/h2>\n<p><em>Affinity Designer<\/em> ne reconna\u00eet pas les objets dynamiques puisqu&rsquo;il n&rsquo;en utilise pas lui m\u00eame. Si vous ne savez pas ce qu&rsquo;est un objet dynamique, dites-vous que c&rsquo;est un <em>.psd<\/em> dans un autre <em>.psd<\/em>. C&rsquo;est un outils tr\u00e8s pratique qui permet de segmenter son fichier de travail en plusieurs sous parties.<br \/>\nMais alors que fait le logiciel quand il y a un ou plusieurs objets dynamiques dans un <em>.psd<\/em> import\u00e9&#160;?<\/p>\n<figure id=\"attachment_655\" aria-describedby=\"caption-attachment-655\" style=\"width: 671px\" class=\"wp-caption aligncenter\"><img data-recalc-dims=\"1\" loading=\"lazy\" decoding=\"async\" class=\"size-full wp-image-655\" src=\"https:\/\/i0.wp.com\/patrick-fontaine.com\/blog\/wp-content\/uploads\/2018\/04\/objet-dynamique_1.jpg?resize=525%2C246&#038;ssl=1\" alt=\"\" width=\"525\" height=\"246\" srcset=\"https:\/\/i0.wp.com\/patrick-fontaine.com\/blog\/wp-content\/uploads\/2018\/04\/objet-dynamique_1.jpg?w=671&amp;ssl=1 671w, https:\/\/i0.wp.com\/patrick-fontaine.com\/blog\/wp-content\/uploads\/2018\/04\/objet-dynamique_1.jpg?resize=300%2C140&amp;ssl=1 300w\" sizes=\"auto, (max-width: 525px) 100vw, 525px\" \/><figcaption id=\"caption-attachment-655\" class=\"wp-caption-text\">Que devient un objet dynamique (ici \u00ab\u00a0Rectangle Arrondi 1\u00a0\u00bb qui contient un calque bitmap, un calque forme et un calque texte) cr\u00e9\u00e9 dans un .psd sous Photoshop&#160;?\u2026<\/figcaption><\/figure>\n<p>C&rsquo;est simple, tous les groupes, les calques, les masques qui font partie d&rsquo;un objet dynamique, vont \u00eatre fusionn\u00e9s en un unique calque bitmap. Et bien sur quand on r\u00e9-ouvre le <em>.psd<\/em> avec <em>Photoshop<\/em> (apr\u00e8s l&rsquo;avoir export\u00e9 sur <em>Affinity Designer<\/em>), les objets dynamiques d&rsquo;origines n&rsquo;existent plus en tant que tel, ceux sont bel et bien des calques bitmap.<br \/>\nAutant vous dire que les graphistes de l&rsquo;agence avec qui vous travaillez, vont grogner, et \u00e0 juste titre d&rsquo;ailleurs.<\/p>\n<figure id=\"attachment_656\" aria-describedby=\"caption-attachment-656\" style=\"width: 306px\" class=\"wp-caption aligncenter\"><img data-recalc-dims=\"1\" loading=\"lazy\" decoding=\"async\" class=\"size-full wp-image-656\" src=\"https:\/\/i0.wp.com\/patrick-fontaine.com\/blog\/wp-content\/uploads\/2018\/04\/objet-dynamique_2.jpg?resize=306%2C138&#038;ssl=1\" alt=\"\" width=\"306\" height=\"138\" srcset=\"https:\/\/i0.wp.com\/patrick-fontaine.com\/blog\/wp-content\/uploads\/2018\/04\/objet-dynamique_2.jpg?w=306&amp;ssl=1 306w, https:\/\/i0.wp.com\/patrick-fontaine.com\/blog\/wp-content\/uploads\/2018\/04\/objet-dynamique_2.jpg?resize=300%2C135&amp;ssl=1 300w\" sizes=\"auto, (max-width: 306px) 100vw, 306px\" \/><figcaption id=\"caption-attachment-656\" class=\"wp-caption-text\">\u2026 L&rsquo;objet dynamique est tout simplement fusionn\u00e9 en un calque bitmap sous Affinity Designer.<\/figcaption><\/figure>\n<p><strong>Edit du 02\/03\/20&#160;:<\/strong> depuis une r\u00e9cente mise \u00e0 jour (v.1.8), <em>Affinity Photo<\/em> prend en charge les objets dynamiques de <em>Photoshop<\/em>&#160;! Et d&rsquo;apr\u00e8s mes premiers tests, \u00e7a a l&rsquo;air de fonctionner parfaitement. \u00c7a c&rsquo;est une bonne nouvelle, mais on aimerait avoir la m\u00eame chose pour <em>Affinity Designer<\/em>.<\/p>\n<h2>Export des <em>.psd <\/em>pour <em>Photoshop<\/em><\/h2>\n<p>Puisque <em>Photoshop<\/em> propose plus de fonctionnalit\u00e9s que <em>Affinity Designer<\/em>, comme les objets dynamiques, il est plut\u00f4t logique de se dire que l&rsquo;import allait poser quelques probl\u00e8mes. Mais l&rsquo;export n&rsquo;est pas en reste.<\/p>\n<p>Le plus gros soucis que j&rsquo;ai pu rencontrer sur un fichier <em>.psd<\/em> cr\u00e9\u00e9 sur <em>Affinity Designer<\/em> est la gestion du texte. \u00c0 l&rsquo;heure actuelle, un calque de texte cr\u00e9\u00e9 sur Affinity Designer n&rsquo;est pas reconnu comme tel sous Photoshop. Le texte est enti\u00e8rement pixelis\u00e9 encore une fois&#160;! Ce qui signifie aucune possibilit\u00e9 de le modifier facilement ou de le copier-coller.<\/p>\n<figure id=\"attachment_670\" aria-describedby=\"caption-attachment-670\" style=\"width: 300px\" class=\"wp-caption aligncenter\"><img data-recalc-dims=\"1\" loading=\"lazy\" decoding=\"async\" class=\"size-medium wp-image-670\" src=\"https:\/\/i0.wp.com\/patrick-fontaine.com\/blog\/wp-content\/uploads\/2018\/04\/boulet.jpg?resize=300%2C188&#038;ssl=1\" alt=\"\" width=\"300\" height=\"188\" srcset=\"https:\/\/i0.wp.com\/patrick-fontaine.com\/blog\/wp-content\/uploads\/2018\/04\/boulet.jpg?resize=300%2C188&amp;ssl=1 300w, https:\/\/i0.wp.com\/patrick-fontaine.com\/blog\/wp-content\/uploads\/2018\/04\/boulet.jpg?w=689&amp;ssl=1 689w\" sizes=\"auto, (max-width: 300px) 100vw, 300px\" \/><figcaption id=\"caption-attachment-670\" class=\"wp-caption-text\">Un sacr\u00e9 poids qui g\u00eane \u00e9norm\u00e9ment le workflow entre diff\u00e9rents logiciels.<\/figcaption><\/figure>\n<p>L&rsquo;\u00e9quipe de d\u00e9veloppement rencontre des probl\u00e8mes de conversions de fichiers en <em>.psd<\/em> notamment pour le texte et a opt\u00e9 pour cette solution de secours. Soit\u2026 J&rsquo;esp\u00e8re sinc\u00e8rement que c&rsquo;est un probl\u00e8me qui sera r\u00e9solu rapidement. En attendant c&rsquo;est un tr\u00e8s gros point #000000 <small>enfin noir<small>.<\/small><\/small><\/p>\n<h1>2 &#8211; La <em>persona<\/em> Export<\/h1>\n<p>Alors que <em>Affinity Designer<\/em> d\u00e9die une grosse partie de son logiciel au rendu des images avec la <em>persona<\/em> Export (plus de d\u00e9tails dans <a href=\"https:\/\/patrick-fontaine.com\/blog\/2018\/03\/30\/5-choses-que-jadore-chez-affinity-designer\/\">mon article pr\u00e9c\u00e9dent<\/a>), force est de constater que \u00e7a p\u00eache malgr\u00e9 tout. Cette fois, je parle des formats d&rsquo;images finales (<em>.jpg<\/em>, <em>.gif<\/em>, <em>.png<\/em>, etc) et non des fichiers de travail comme les <em>.psd<\/em>.<\/p>\n<h2>La compression <em>.jpg<\/em><\/h2>\n<p>Il faut faire attention \u00e0 la compression quand on exporte en <em>.jpg<\/em> avec <em>Affinity Designer<\/em>. En effet le logiciel a une tendance \u00e0 compresser beaucoup plus fort (pr\u00e9sence forte d&rsquo;artefacts) que <em>Photoshop<\/em> quand on baisse la qualit\u00e9 de l&rsquo;export.<\/p>\n<figure id=\"attachment_639\" aria-describedby=\"caption-attachment-639\" style=\"width: 525px\" class=\"wp-caption aligncenter\"><img data-recalc-dims=\"1\" loading=\"lazy\" decoding=\"async\" class=\"size-full wp-image-639\" src=\"https:\/\/i0.wp.com\/patrick-fontaine.com\/blog\/wp-content\/uploads\/2018\/04\/compression.png?resize=525%2C525&#038;ssl=1\" alt=\"\" width=\"525\" height=\"525\" srcset=\"https:\/\/i0.wp.com\/patrick-fontaine.com\/blog\/wp-content\/uploads\/2018\/04\/compression.png?w=525&amp;ssl=1 525w, https:\/\/i0.wp.com\/patrick-fontaine.com\/blog\/wp-content\/uploads\/2018\/04\/compression.png?resize=150%2C150&amp;ssl=1 150w, https:\/\/i0.wp.com\/patrick-fontaine.com\/blog\/wp-content\/uploads\/2018\/04\/compression.png?resize=300%2C300&amp;ssl=1 300w, https:\/\/i0.wp.com\/patrick-fontaine.com\/blog\/wp-content\/uploads\/2018\/04\/compression.png?resize=100%2C100&amp;ssl=1 100w\" sizes=\"auto, (max-width: 525px) 100vw, 525px\" \/><figcaption id=\"caption-attachment-639\" class=\"wp-caption-text\">N&rsquo;oubliez pas que le .jpg est probablement l&rsquo;un des pires formats en terme de qualit\u00e9 quand il y a autant de texte \u00e0 afficher.<\/figcaption><\/figure>\n<p>Toutefois, le poids baisse aussi plus rapidement comme vous pouvez le constater sur l&rsquo;image au dessus. En r\u00e9alit\u00e9 l\u00e0 o\u00f9 sur <em>Photoshop<\/em> on avait plut\u00f4t un bon rapport qualit\u00e9\/poids autour des 70&#160;%, sur <em>Affinity Designer<\/em> il faudra mettre la jauge autour des 90&#160;%. Malheureusement, il n&rsquo;y a pas d&rsquo;aper\u00e7u en temps r\u00e9el du fichier avant qu&rsquo;on ne l&rsquo;exporte. Vous allez donc souvent v\u00e9rifier vos fichiers apr\u00e8s coup pour r\u00e9ajuster au fur et \u00e0 mesure vos param\u00e8tres.<\/p>\n<h2>Le cas des 8 bits<\/h2>\n<p>Si vous souhaitez optimiser le poids et la qualit\u00e9 de vos images, vous devez savamment alterner entre les formats disponibles. Et notamment utiliser les images en 8 bits (<em>.png 8 bits<\/em> ou <em>.gif<\/em>) qui offrent l&rsquo;avantage d&rsquo;avoir un poids moindre selon les cas et surtout de vous pr\u00e9server des artefacts de compression.<br \/>\nMais, pour une raison qui m&rsquo;\u00e9chappe, <em>Affinity Designer<\/em> g\u00e9n\u00e8re m\u00eame des artefacts graphiques sur ces formats d&rsquo;images&#160;!<\/p>\n<figure id=\"attachment_641\" aria-describedby=\"caption-attachment-641\" style=\"width: 525px\" class=\"wp-caption aligncenter\"><img data-recalc-dims=\"1\" loading=\"lazy\" decoding=\"async\" class=\"size-full wp-image-641\" src=\"https:\/\/i0.wp.com\/patrick-fontaine.com\/blog\/wp-content\/uploads\/2018\/04\/artefact_1.jpg?resize=525%2C525&#038;ssl=1\" alt=\"\" width=\"525\" height=\"525\" srcset=\"https:\/\/i0.wp.com\/patrick-fontaine.com\/blog\/wp-content\/uploads\/2018\/04\/artefact_1.jpg?w=525&amp;ssl=1 525w, https:\/\/i0.wp.com\/patrick-fontaine.com\/blog\/wp-content\/uploads\/2018\/04\/artefact_1.jpg?resize=150%2C150&amp;ssl=1 150w, https:\/\/i0.wp.com\/patrick-fontaine.com\/blog\/wp-content\/uploads\/2018\/04\/artefact_1.jpg?resize=300%2C300&amp;ssl=1 300w, https:\/\/i0.wp.com\/patrick-fontaine.com\/blog\/wp-content\/uploads\/2018\/04\/artefact_1.jpg?resize=100%2C100&amp;ssl=1 100w\" sizes=\"auto, (max-width: 525px) 100vw, 525px\" \/><figcaption id=\"caption-attachment-641\" class=\"wp-caption-text\">Voici une image export\u00e9e en .png 8 bits o\u00f9 on peut d\u00e9celer des artefacts en ayant un \u00e9cran bien calibr\u00e9.<\/figcaption><\/figure>\n<figure id=\"attachment_642\" aria-describedby=\"caption-attachment-642\" style=\"width: 525px\" class=\"wp-caption aligncenter\"><img data-recalc-dims=\"1\" loading=\"lazy\" decoding=\"async\" class=\"size-full wp-image-642\" src=\"https:\/\/i0.wp.com\/patrick-fontaine.com\/blog\/wp-content\/uploads\/2018\/04\/artefact_2.jpg?resize=525%2C525&#038;ssl=1\" alt=\"\" width=\"525\" height=\"525\" srcset=\"https:\/\/i0.wp.com\/patrick-fontaine.com\/blog\/wp-content\/uploads\/2018\/04\/artefact_2.jpg?w=525&amp;ssl=1 525w, https:\/\/i0.wp.com\/patrick-fontaine.com\/blog\/wp-content\/uploads\/2018\/04\/artefact_2.jpg?resize=150%2C150&amp;ssl=1 150w, https:\/\/i0.wp.com\/patrick-fontaine.com\/blog\/wp-content\/uploads\/2018\/04\/artefact_2.jpg?resize=300%2C300&amp;ssl=1 300w, https:\/\/i0.wp.com\/patrick-fontaine.com\/blog\/wp-content\/uploads\/2018\/04\/artefact_2.jpg?resize=100%2C100&amp;ssl=1 100w\" sizes=\"auto, (max-width: 525px) 100vw, 525px\" \/><figcaption id=\"caption-attachment-642\" class=\"wp-caption-text\">La m\u00eame image avec un contraste plus fort pour mettre en avant les artefacts g\u00e9n\u00e9r\u00e9s par le logiciel.<\/figcaption><\/figure>\n<p>Pour le moment, la seule \u00ab\u00a0solution\u00a0\u00bb pour ne pas avoir ces artefacts est d&rsquo;exporter dans un fichier autre que 8 bits, comme le <em>.jpg<\/em> ou le <em>.png<\/em> 24 bits.<\/p>\n<h1>3 &#8211; Les outils manquants<\/h1>\n<h2>La transformation libre et les d\u00e9formations<\/h2>\n<p>Non, il n&rsquo;y a pas de transformation libre ou de d\u00e9formations sous <em>Affinity Designer<\/em>. Oui, vous avez bien lu. Il est impossible de d\u00e9former rapidement un objet ou une s\u00e9lection pour lui donner un effet de perspective par exemple. Pas possible non plus d&rsquo;adapter un logo avec un filet de d\u00e9formation et le mettre sur un support pour avoir un visuel un peu sexy.<\/p>\n<p>Par exemple, il est impossible de manipuler un \u00e9l\u00e9ment comme \u00e7a&#160;:<\/p>\n<div style=\"width: 525px;\" class=\"wp-video\"><video class=\"wp-video-shortcode\" id=\"video-633-1\" width=\"525\" height=\"525\" preload=\"metadata\" controls=\"controls\"><source type=\"video\/mp4\" src=\"https:\/\/patrick-fontaine.com\/blog\/wp-content\/uploads\/2018\/04\/transformation_01.mp4?_=1\" \/><a href=\"https:\/\/patrick-fontaine.com\/blog\/wp-content\/uploads\/2018\/04\/transformation_01.mp4\">https:\/\/patrick-fontaine.com\/blog\/wp-content\/uploads\/2018\/04\/transformation_01.mp4<\/a><\/video><\/div>\n<p>Il n&rsquo;existe pas non plus de filtres de d\u00e9formation pr\u00e9-configur\u00e9e comme ceux qui existent depuis longtemps dans d&rsquo;autres logiciels (arc, oc\u00e9an, fisheye etc).<\/p>\n<p>L&rsquo;outil est bien pr\u00e9sent sur <em>Affinity Photo<\/em>, c&rsquo;est dommage qu&rsquo;on ait pas ce genre de fonctions pour les formes vectorielles d&rsquo;<em>Affinity Designer<\/em>.<\/p>\n<h2>L&rsquo;outil tampon<\/h2>\n<p>Il faut \u00e9galement noter l&rsquo;absence de l&rsquo;outil tampon qui permet de retoucher des images bitmap en dupliquant une source. Une absence volontaire des d\u00e9veloppeurs car, je cite un mod\u00e9rateur du forum officiel&#160;:<\/p>\n<blockquote><p><em>Affinity Designer<\/em> n&rsquo;a pas \u00e9t\u00e9 con\u00e7u pour faire des retouches d&rsquo;image complexe.<\/p><\/blockquote>\n<p>Bon je comprend bien la volont\u00e9 de vouloir faire des logiciels bien sp\u00e9cialis\u00e9s, mais cet outil n&rsquo;aurait vraiment pas d\u00e9not\u00e9 dans la <em>persona<\/em> Pixel. Sinon on pourrait enlever les outils densit\u00e9\/doigt\/flou\/nettet\u00e9 \u00e9galement, non&#160;? Voir carr\u00e9ment enlever la <em>persona<\/em> Pixel en entier.<br \/>\nToutefois, l&rsquo;outil est bien pr\u00e9sent sur le logiciel <em>Affinity Photo<\/em>.<\/p>\n<h1>4 &#8211; La productivit\u00e9<\/h1>\n<p>R\u00e9cemment, j&rsquo;ai utilis\u00e9 <em>Powerpoint<\/em> pour un client, et mon dieu, qu&rsquo;est-ce que je hais ce logiciel. Son interface va aux antipodes des logiciels de graphismes et n&rsquo;a pas du tout \u00e9tait pens\u00e9 pour la productivit\u00e9. L&rsquo;exemple le plus flagrant est l&rsquo;absence quasi-totale de raccourcis clavier qui nous oblige donc \u00e0 faire des allers-retours dans les menus.<br \/>\nHeureusement <em>Affinity Designer<\/em> n&rsquo;en est pas \u00e0 ce point. Mais je peux noter quelques petites erreurs qui montre que le logiciel manque un peu de maturit\u00e9.<\/p>\n<h2>Raccourcis clavier&#160;: chemin glissant<\/h2>\n<p><em><img data-recalc-dims=\"1\" loading=\"lazy\" decoding=\"async\" class=\"size-medium wp-image-663 alignright\" src=\"https:\/\/i0.wp.com\/patrick-fontaine.com\/blog\/wp-content\/uploads\/2018\/04\/panneau.jpg?resize=215%2C300&#038;ssl=1\" alt=\"\" width=\"215\" height=\"300\" srcset=\"https:\/\/i0.wp.com\/patrick-fontaine.com\/blog\/wp-content\/uploads\/2018\/04\/panneau.jpg?resize=215%2C300&amp;ssl=1 215w, https:\/\/i0.wp.com\/patrick-fontaine.com\/blog\/wp-content\/uploads\/2018\/04\/panneau.jpg?w=340&amp;ssl=1 340w\" sizes=\"auto, (max-width: 215px) 100vw, 215px\" \/>Affinity Designer<\/em> manque de raccourcis clavier pour nous aider. Bien sur il est possible d&rsquo;en param\u00e9trer tr\u00e8s facilement. Je suppose qu&rsquo;on doit m\u00eame pouvoir trouver des fichiers \u00e0 charger qui nous donnent des raccourcis tr\u00e8s proches de ceux de <em>Photoshop<\/em> et\/ou <em>Illustrator<\/em>.<br \/>\nL\u00e0 o\u00f9 c&rsquo;est probl\u00e9matique c&rsquo;est que pour certaines actions, il n&rsquo;est pas possible de cr\u00e9er de raccourcis clavier du tout.<\/p>\n<p>Une chose que j&rsquo;avais souvent l&rsquo;habitude de faire sur <em>Photoshop<\/em>, \u00e9tait de copier-coller les styles de calques (une ombre port\u00e9e par exemple). Sur <em>Affinity Designer<\/em> ce n&rsquo;est pas possible. Il faut repartir dans les effets de calques pour chaque calque et \u00e7a peut devenir fastidieux.<br \/>\nComme l&rsquo;action du copier-coller de l&rsquo;effet n&rsquo;existe pas, il n&rsquo;y a pas non plus de raccourci clavier pour le faire.<\/p>\n<p>La solution serait de cr\u00e9er un <em>style<\/em> \u00e0 partir des effets qui sera inclus dans une biblioth\u00e8que de <em>Styles<\/em>, puis de r\u00e9-utiliser ce <em>style<\/em> pour chaque calque. Sur le papier \u00e7a peut para\u00eetre super pratique, mais vous pouvez vous retrouver en r\u00e9alit\u00e9 avec une multitude de <em>Styles<\/em> plus ou moins utiles dans votre biblioth\u00e8que. Et bien sur aucun <em>style<\/em> n&rsquo;est s\u00e9lectionnable par raccourcis clavier.<\/p>\n<h2>Palettes qui t\u00e2chent<\/h2>\n<p>L&rsquo;interface du logiciel montre aussi quelques faiblesses, le genre de petits d\u00e9tails qui au d\u00e9but font hausser un sourcils\u2026 Puis vous font soupirer, voire grincer des dents.<\/p>\n<p>Le truc qui m&#8217;emb\u00eate le plus \u00e0 propos de l&rsquo;interface est la palette <em>Couleur<\/em>. Celle-ci a plusieurs options d&rsquo;affichages selon les go\u00fbts de l&rsquo;utilisateur&#160;: en cases, glissi\u00e8res, roue, etc. Ok, mais \u00e7a aurait m\u00e9rit\u00e9 d&rsquo;\u00eatre plus facilement s\u00e9lectionnable.<br \/>\nEnfin, admettons que l&rsquo;utilisateur change rarement d&rsquo;affichage, pourquoi mettre une fonction si utile que <em>Accord de couleur<\/em> dans ce m\u00eame endroit si peu pratique&#160;?<\/p>\n<p>Ou encore pourquoi mettre les diff\u00e9rents formats colorim\u00e9triques (RVB, CMJN, TSL, etc) dans une liste d\u00e9roulante&#160;? \u00c7a aurait \u00e9t\u00e9 tellement plus simple de tout mettre comme sur <em>Photoshop<\/em>.<\/p>\n<figure id=\"attachment_651\" aria-describedby=\"caption-attachment-651\" style=\"width: 919px\" class=\"wp-caption aligncenter\"><img data-recalc-dims=\"1\" loading=\"lazy\" decoding=\"async\" class=\"size-full wp-image-651\" src=\"https:\/\/i0.wp.com\/patrick-fontaine.com\/blog\/wp-content\/uploads\/2018\/04\/couleur.jpg?resize=525%2C226&#038;ssl=1\" alt=\"\" width=\"525\" height=\"226\" srcset=\"https:\/\/i0.wp.com\/patrick-fontaine.com\/blog\/wp-content\/uploads\/2018\/04\/couleur.jpg?w=919&amp;ssl=1 919w, https:\/\/i0.wp.com\/patrick-fontaine.com\/blog\/wp-content\/uploads\/2018\/04\/couleur.jpg?resize=300%2C129&amp;ssl=1 300w, https:\/\/i0.wp.com\/patrick-fontaine.com\/blog\/wp-content\/uploads\/2018\/04\/couleur.jpg?resize=768%2C330&amp;ssl=1 768w\" sizes=\"auto, (max-width: 706px) 89vw, (max-width: 767px) 82vw, 740px\" \/><figcaption id=\"caption-attachment-651\" class=\"wp-caption-text\">\u00c0 gauche, la palette Couleur d&rsquo;Affinity Designer, ses listes d\u00e9roulantes et ses options cach\u00e9es. \u00c0 droite, Photoshop pens\u00e9 avec plus d&rsquo;efficacit\u00e9 o\u00f9 on peut voir les couleurs RVB, CMJN, Hex, TSL, etc en un clin d\u2019\u0153il.<\/figcaption><\/figure>\n<p>Enfin pour clore le tout, le logiciel ne bascule pas automatiquement le format colorim\u00e9trique de la palette <em>Couleur<\/em> en fonction du format du document. Je m&rsquo;explique.<br \/>\nSi vous avez mis le format RVB Hex dans votre palette <em>Couleur<\/em> pour un projet web, et que vous passez \u00e0 un nouveau projet pour l&rsquo;impression cette fois, le format colorim\u00e9trique de la palette ne changera pas automatiquement. Vous serez toujours en RVB Hex alors que dans la configuration du document \u00e0 sa cr\u00e9ation vous avez bien sp\u00e9cifi\u00e9 CMJN.<\/p>\n<h1>5 &#8211; Plugin et autres ressources de la communaut\u00e9<\/h1>\n<p>Il existe de nombreux plugins qui permettent de modifier <em>Photoshop<\/em> pour l&rsquo;adapter \u00e0 ses besoins. Souvent d&rsquo;ailleurs on retrouve les fonctionnalit\u00e9s des meilleurs plugins dans les versions suivantes du logiciel d&rsquo;<em>Adobe<\/em>.<br \/>\nH\u00e9las, il n&rsquo;y a pas de plugin pour <em>Affinity Designer<\/em> et \u00e7a ne semble pas \u00eatre dans les priorit\u00e9s des \u00e9quipes de d\u00e9veloppement. Toutefois, <em>Affinity Photo<\/em> prend en compte des plugins et notamment ceux cr\u00e9\u00e9 pour <em>Photoshop<\/em>. N\u00e9anmoins, il faut s&rsquo;attendre \u00e0 certains bugs, voire des incompatibilit\u00e9s avec certains ajouts tiers.<\/p>\n<p>Quand aux ressources, et bien c&rsquo;est assez rachitique pour \u00eatre honn\u00eate. Et si en plus vous cherchez des tutoriels en fran\u00e7ais, alors l\u00e0 c&rsquo;est m\u00eame plut\u00f4t la B\u00e9r\u00e9zina. Toutefois, vous pouvez trouver quelques articles par ci, par l\u00e0 qui vont vous aider \u00e0 appr\u00e9hender quelques aspects du logiciel.<br \/>\nEn r\u00e9alit\u00e9, ce probl\u00e8me m&rsquo;am\u00e8ne \u00e0 me demander si je ne devrais pas moi m\u00eame combler ce vide&#160;: proposer un guide le plus complet possible en fran\u00e7ais avec des exemples. N&rsquo;h\u00e9sitez pas \u00e0 me le signaler dans les commentaires s&rsquo;il y a une demande.<\/p>\n<h1>Le futur d&rsquo;<em>Affinity Designer<\/em><\/h1>\n<p>Comme vous pouvez le constater, la plupart de ses probl\u00e8mes sont des soucis de jeunesse. J&rsquo;esp\u00e8re vraiment que les \u00e9quipes de d\u00e9veloppement vont corriger le tir. De pr\u00e9f\u00e9rence avant la version 2.<\/p>\n<p>Enfin, il faut vraiment que je teste <em>Affinity Photo <\/em>pour le d\u00e9cortiquer \u00e9galement. J&rsquo;ai vraiment l&rsquo;impression que <em>Designer<\/em> et <em>Photo<\/em> sont indissociables aux yeux des \u00e9quipes de d\u00e9veloppement.<br \/>\nQuoiqu&rsquo;il en soit, je trouve que le logiciel seul, se d\u00e9brouille bien malgr\u00e9 ces soucis \u00e9nonc\u00e9s.<\/p>\n<p><strong>Edit du 02\/03\/20&#160;:<\/strong> j&rsquo;ai effectivement pu travailler sur <em>Affinity Photo <\/em>qui se rapproche plus d&rsquo;un <em>Photoshop<\/em> (retouche d&rsquo;image) dans ses fonctionnalit\u00e9s. Et je peux donc confirmer que <em>Affinity Designer<\/em> a besoin d&rsquo;<em>Affinity Photo<\/em> pour \u00eatre fonctionnel dans un cadre professionnel. Et le combo marche extr\u00eamement bien&#160;! Passer de l&rsquo;un \u00e0 l&rsquo;autre est tr\u00e8s simple, leur compl\u00e9mentarit\u00e9 est exemplaire dans le milieu. Dommage que <em>Affinity Designer<\/em> garde encore les quelques soucis \u00e9nonc\u00e9s plus haut.<\/p>\n<p>Et vous, vous en pensez quoi&#160;? Avez-vous trouvez des choses encore plus terribles sur ce logiciel&#160;? Ou bien cet article vous conforte dans l&rsquo;id\u00e9e de ne pas passer sur <em>Affinity Designer<\/em>&#160;?<\/p>\n<hr \/>\n<p>Retrouvez une partie de <a href=\"https:\/\/patrick-fontaine.com\/blog\/design\/\">mes projets de design<\/a> ou <a href=\"https:\/\/patrick-fontaine.com\/blog\/illustration\/\">mes travaux artistiques<\/a>. Si mon profil vous int\u00e9resse, je suis disponible pour vous accompagner dans vos projets&#160;: <a href=\"https:\/\/patrick-fontaine.com\/blog\/contact\/\">contact<\/a>.<\/p>\n","protected":false},"excerpt":{"rendered":"<p>Dans le pr\u00e9c\u00e9dent article, je faisais l&rsquo;apologie de ce logiciel de graphisme qui semble \u00eatre une bonne alternative \u00e0 Photoshop et Illustrator. C&rsquo;est vrai que Affinity Designer a de sacr\u00e9s arguments pour se faire une place aupr\u00e8s des professionnels de l&rsquo;image. Toutefois, tout n&rsquo;est pas #FF1493\u2026 enfin rose quoi. Je vous d\u00e9cortique ce qui me &hellip; <\/p>\n<p class=\"link-more\"><a href=\"https:\/\/patrick-fontaine.com\/blog\/2018\/04\/09\/5-choses-que-je-naime-pas-chez-affinity-designer\/\" class=\"more-link\">Continuer la lecture<span class=\"screen-reader-text\"> de &laquo;&nbsp;5 choses que je n&rsquo;aime pas chez Affinity Designer&nbsp;&raquo;<\/span><\/a><\/p>\n","protected":false},"author":1,"featured_media":675,"comment_status":"open","ping_status":"open","sticky":false,"template":"","format":"standard","meta":{"_editorskit_title_hidden":false,"_editorskit_reading_time":0,"_editorskit_is_block_options_detached":false,"_editorskit_block_options_position":"{}","inline_featured_image":false,"jetpack_post_was_ever_published":false,"_jetpack_newsletter_access":"","_jetpack_dont_email_post_to_subs":false,"_jetpack_newsletter_tier_id":0,"_jetpack_memberships_contains_paywalled_content":false,"_jetpack_memberships_contains_paid_content":false,"footnotes":""},"categories":[12],"tags":[13,8,11,24],"class_list":["post-633","post","type-post","status-publish","format-standard","has-post-thumbnail","hentry","category-blog","tag-affinity-designer","tag-graphisme","tag-logiciel","tag-ui-design"],"yoast_head":"<!-- This site is optimized with the Yoast SEO plugin v27.5 - https:\/\/yoast.com\/product\/yoast-seo-wordpress\/ -->\n<title>5 choses que je n&#039;aime pas chez Affinity Designer - Patrick Fontaine<\/title>\n<meta name=\"robots\" content=\"index, follow, max-snippet:-1, max-image-preview:large, max-video-preview:-1\" \/>\n<link rel=\"canonical\" href=\"https:\/\/patrick-fontaine.com\/blog\/2018\/04\/09\/5-choses-que-je-naime-pas-chez-affinity-designer\/\" \/>\n<meta property=\"og:locale\" content=\"fr_FR\" \/>\n<meta property=\"og:type\" content=\"article\" \/>\n<meta property=\"og:title\" content=\"5 choses que je n&#039;aime pas chez Affinity Designer - Patrick Fontaine\" \/>\n<meta property=\"og:description\" content=\"Dans le pr\u00e9c\u00e9dent article, je faisais l&rsquo;apologie de ce logiciel de graphisme qui semble \u00eatre une bonne alternative \u00e0 Photoshop et Illustrator. C&rsquo;est vrai que Affinity Designer a de sacr\u00e9s arguments pour se faire une place aupr\u00e8s des professionnels de l&rsquo;image. Toutefois, tout n&rsquo;est pas #FF1493\u2026 enfin rose quoi. Je vous d\u00e9cortique ce qui me &hellip; Continuer la lecture de &laquo;&nbsp;5 choses que je n&rsquo;aime pas chez Affinity Designer&nbsp;&raquo;\" \/>\n<meta property=\"og:url\" content=\"https:\/\/patrick-fontaine.com\/blog\/2018\/04\/09\/5-choses-que-je-naime-pas-chez-affinity-designer\/\" \/>\n<meta property=\"og:site_name\" content=\"Patrick Fontaine\" \/>\n<meta property=\"article:published_time\" content=\"2018-04-09T15:23:53+00:00\" \/>\n<meta property=\"article:modified_time\" content=\"2020-03-02T13:12:51+00:00\" \/>\n<meta property=\"og:image\" content=\"https:\/\/patrick-fontaine.com\/blog\/wp-content\/uploads\/2018\/04\/tchac.jpg\" \/>\n\t<meta property=\"og:image:width\" content=\"727\" \/>\n\t<meta property=\"og:image:height\" content=\"485\" \/>\n\t<meta property=\"og:image:type\" content=\"image\/jpeg\" \/>\n<meta name=\"author\" content=\"Patrick Fontaine\" \/>\n<meta name=\"twitter:card\" content=\"summary_large_image\" \/>\n<meta name=\"twitter:creator\" content=\"@hello_patrickf\" \/>\n<meta name=\"twitter:site\" content=\"@hello_patrickf\" \/>\n<meta name=\"twitter:label1\" content=\"\u00c9crit par\" \/>\n\t<meta name=\"twitter:data1\" content=\"Patrick Fontaine\" \/>\n\t<meta name=\"twitter:label2\" content=\"Dur\u00e9e de lecture estim\u00e9e\" \/>\n\t<meta name=\"twitter:data2\" content=\"11 minutes\" \/>\n<script type=\"application\/ld+json\" class=\"yoast-schema-graph\">{\"@context\":\"https:\\\/\\\/schema.org\",\"@graph\":[{\"@type\":\"Article\",\"@id\":\"https:\\\/\\\/patrick-fontaine.com\\\/blog\\\/2018\\\/04\\\/09\\\/5-choses-que-je-naime-pas-chez-affinity-designer\\\/#article\",\"isPartOf\":{\"@id\":\"https:\\\/\\\/patrick-fontaine.com\\\/blog\\\/2018\\\/04\\\/09\\\/5-choses-que-je-naime-pas-chez-affinity-designer\\\/\"},\"author\":{\"name\":\"Patrick Fontaine\",\"@id\":\"https:\\\/\\\/patrick-fontaine.com\\\/blog\\\/#\\\/schema\\\/person\\\/05b8f7de3dccdbb9c2b5cbe9922bfa71\"},\"headline\":\"5 choses que je n&rsquo;aime pas chez Affinity Designer\",\"datePublished\":\"2018-04-09T15:23:53+00:00\",\"dateModified\":\"2020-03-02T13:12:51+00:00\",\"mainEntityOfPage\":{\"@id\":\"https:\\\/\\\/patrick-fontaine.com\\\/blog\\\/2018\\\/04\\\/09\\\/5-choses-que-je-naime-pas-chez-affinity-designer\\\/\"},\"wordCount\":2372,\"commentCount\":11,\"publisher\":{\"@id\":\"https:\\\/\\\/patrick-fontaine.com\\\/blog\\\/#\\\/schema\\\/person\\\/05b8f7de3dccdbb9c2b5cbe9922bfa71\"},\"image\":{\"@id\":\"https:\\\/\\\/patrick-fontaine.com\\\/blog\\\/2018\\\/04\\\/09\\\/5-choses-que-je-naime-pas-chez-affinity-designer\\\/#primaryimage\"},\"thumbnailUrl\":\"https:\\\/\\\/i0.wp.com\\\/patrick-fontaine.com\\\/blog\\\/wp-content\\\/uploads\\\/2018\\\/04\\\/tchac.jpg?fit=727%2C485&ssl=1\",\"keywords\":[\"Affinity Designer\",\"Graphisme\",\"Logiciel\",\"UI design\"],\"articleSection\":[\"Blog\"],\"inLanguage\":\"fr-FR\",\"potentialAction\":[{\"@type\":\"CommentAction\",\"name\":\"Comment\",\"target\":[\"https:\\\/\\\/patrick-fontaine.com\\\/blog\\\/2018\\\/04\\\/09\\\/5-choses-que-je-naime-pas-chez-affinity-designer\\\/#respond\"]}]},{\"@type\":\"WebPage\",\"@id\":\"https:\\\/\\\/patrick-fontaine.com\\\/blog\\\/2018\\\/04\\\/09\\\/5-choses-que-je-naime-pas-chez-affinity-designer\\\/\",\"url\":\"https:\\\/\\\/patrick-fontaine.com\\\/blog\\\/2018\\\/04\\\/09\\\/5-choses-que-je-naime-pas-chez-affinity-designer\\\/\",\"name\":\"5 choses que je n'aime pas chez Affinity Designer - Patrick Fontaine\",\"isPartOf\":{\"@id\":\"https:\\\/\\\/patrick-fontaine.com\\\/blog\\\/#website\"},\"primaryImageOfPage\":{\"@id\":\"https:\\\/\\\/patrick-fontaine.com\\\/blog\\\/2018\\\/04\\\/09\\\/5-choses-que-je-naime-pas-chez-affinity-designer\\\/#primaryimage\"},\"image\":{\"@id\":\"https:\\\/\\\/patrick-fontaine.com\\\/blog\\\/2018\\\/04\\\/09\\\/5-choses-que-je-naime-pas-chez-affinity-designer\\\/#primaryimage\"},\"thumbnailUrl\":\"https:\\\/\\\/i0.wp.com\\\/patrick-fontaine.com\\\/blog\\\/wp-content\\\/uploads\\\/2018\\\/04\\\/tchac.jpg?fit=727%2C485&ssl=1\",\"datePublished\":\"2018-04-09T15:23:53+00:00\",\"dateModified\":\"2020-03-02T13:12:51+00:00\",\"breadcrumb\":{\"@id\":\"https:\\\/\\\/patrick-fontaine.com\\\/blog\\\/2018\\\/04\\\/09\\\/5-choses-que-je-naime-pas-chez-affinity-designer\\\/#breadcrumb\"},\"inLanguage\":\"fr-FR\",\"potentialAction\":[{\"@type\":\"ReadAction\",\"target\":[\"https:\\\/\\\/patrick-fontaine.com\\\/blog\\\/2018\\\/04\\\/09\\\/5-choses-que-je-naime-pas-chez-affinity-designer\\\/\"]}]},{\"@type\":\"ImageObject\",\"inLanguage\":\"fr-FR\",\"@id\":\"https:\\\/\\\/patrick-fontaine.com\\\/blog\\\/2018\\\/04\\\/09\\\/5-choses-que-je-naime-pas-chez-affinity-designer\\\/#primaryimage\",\"url\":\"https:\\\/\\\/i0.wp.com\\\/patrick-fontaine.com\\\/blog\\\/wp-content\\\/uploads\\\/2018\\\/04\\\/tchac.jpg?fit=727%2C485&ssl=1\",\"contentUrl\":\"https:\\\/\\\/i0.wp.com\\\/patrick-fontaine.com\\\/blog\\\/wp-content\\\/uploads\\\/2018\\\/04\\\/tchac.jpg?fit=727%2C485&ssl=1\",\"width\":727,\"height\":485,\"caption\":\"5 trucs qui me mettent les boules.\"},{\"@type\":\"BreadcrumbList\",\"@id\":\"https:\\\/\\\/patrick-fontaine.com\\\/blog\\\/2018\\\/04\\\/09\\\/5-choses-que-je-naime-pas-chez-affinity-designer\\\/#breadcrumb\",\"itemListElement\":[{\"@type\":\"ListItem\",\"position\":1,\"name\":\"Accueil\",\"item\":\"https:\\\/\\\/patrick-fontaine.com\\\/blog\\\/\"},{\"@type\":\"ListItem\",\"position\":2,\"name\":\"5 choses que je n&rsquo;aime pas chez Affinity Designer\"}]},{\"@type\":\"WebSite\",\"@id\":\"https:\\\/\\\/patrick-fontaine.com\\\/blog\\\/#website\",\"url\":\"https:\\\/\\\/patrick-fontaine.com\\\/blog\\\/\",\"name\":\"Patrick Fontaine\",\"description\":\"et son petit blog illustr\u00e9\",\"publisher\":{\"@id\":\"https:\\\/\\\/patrick-fontaine.com\\\/blog\\\/#\\\/schema\\\/person\\\/05b8f7de3dccdbb9c2b5cbe9922bfa71\"},\"potentialAction\":[{\"@type\":\"SearchAction\",\"target\":{\"@type\":\"EntryPoint\",\"urlTemplate\":\"https:\\\/\\\/patrick-fontaine.com\\\/blog\\\/?s={search_term_string}\"},\"query-input\":{\"@type\":\"PropertyValueSpecification\",\"valueRequired\":true,\"valueName\":\"search_term_string\"}}],\"inLanguage\":\"fr-FR\"},{\"@type\":[\"Person\",\"Organization\"],\"@id\":\"https:\\\/\\\/patrick-fontaine.com\\\/blog\\\/#\\\/schema\\\/person\\\/05b8f7de3dccdbb9c2b5cbe9922bfa71\",\"name\":\"Patrick Fontaine\",\"image\":{\"@type\":\"ImageObject\",\"inLanguage\":\"fr-FR\",\"@id\":\"https:\\\/\\\/patrick-fontaine.com\\\/blog\\\/wp-content\\\/uploads\\\/2018\\\/03\\\/logo_serpent.png\",\"url\":\"https:\\\/\\\/patrick-fontaine.com\\\/blog\\\/wp-content\\\/uploads\\\/2018\\\/03\\\/logo_serpent.png\",\"contentUrl\":\"https:\\\/\\\/patrick-fontaine.com\\\/blog\\\/wp-content\\\/uploads\\\/2018\\\/03\\\/logo_serpent.png\",\"width\":2000,\"height\":1200,\"caption\":\"Patrick Fontaine\"},\"logo\":{\"@id\":\"https:\\\/\\\/patrick-fontaine.com\\\/blog\\\/wp-content\\\/uploads\\\/2018\\\/03\\\/logo_serpent.png\"}}]}<\/script>\n<!-- \/ Yoast SEO plugin. -->","yoast_head_json":{"title":"5 choses que je n'aime pas chez Affinity Designer - Patrick Fontaine","robots":{"index":"index","follow":"follow","max-snippet":"max-snippet:-1","max-image-preview":"max-image-preview:large","max-video-preview":"max-video-preview:-1"},"canonical":"https:\/\/patrick-fontaine.com\/blog\/2018\/04\/09\/5-choses-que-je-naime-pas-chez-affinity-designer\/","og_locale":"fr_FR","og_type":"article","og_title":"5 choses que je n'aime pas chez Affinity Designer - Patrick Fontaine","og_description":"Dans le pr\u00e9c\u00e9dent article, je faisais l&rsquo;apologie de ce logiciel de graphisme qui semble \u00eatre une bonne alternative \u00e0 Photoshop et Illustrator. C&rsquo;est vrai que Affinity Designer a de sacr\u00e9s arguments pour se faire une place aupr\u00e8s des professionnels de l&rsquo;image. Toutefois, tout n&rsquo;est pas #FF1493\u2026 enfin rose quoi. Je vous d\u00e9cortique ce qui me &hellip; Continuer la lecture de &laquo;&nbsp;5 choses que je n&rsquo;aime pas chez Affinity Designer&nbsp;&raquo;","og_url":"https:\/\/patrick-fontaine.com\/blog\/2018\/04\/09\/5-choses-que-je-naime-pas-chez-affinity-designer\/","og_site_name":"Patrick Fontaine","article_published_time":"2018-04-09T15:23:53+00:00","article_modified_time":"2020-03-02T13:12:51+00:00","og_image":[{"width":727,"height":485,"url":"https:\/\/patrick-fontaine.com\/blog\/wp-content\/uploads\/2018\/04\/tchac.jpg","type":"image\/jpeg"}],"author":"Patrick Fontaine","twitter_card":"summary_large_image","twitter_creator":"@hello_patrickf","twitter_site":"@hello_patrickf","twitter_misc":{"\u00c9crit par":"Patrick Fontaine","Dur\u00e9e de lecture estim\u00e9e":"11 minutes"},"schema":{"@context":"https:\/\/schema.org","@graph":[{"@type":"Article","@id":"https:\/\/patrick-fontaine.com\/blog\/2018\/04\/09\/5-choses-que-je-naime-pas-chez-affinity-designer\/#article","isPartOf":{"@id":"https:\/\/patrick-fontaine.com\/blog\/2018\/04\/09\/5-choses-que-je-naime-pas-chez-affinity-designer\/"},"author":{"name":"Patrick Fontaine","@id":"https:\/\/patrick-fontaine.com\/blog\/#\/schema\/person\/05b8f7de3dccdbb9c2b5cbe9922bfa71"},"headline":"5 choses que je n&rsquo;aime pas chez Affinity Designer","datePublished":"2018-04-09T15:23:53+00:00","dateModified":"2020-03-02T13:12:51+00:00","mainEntityOfPage":{"@id":"https:\/\/patrick-fontaine.com\/blog\/2018\/04\/09\/5-choses-que-je-naime-pas-chez-affinity-designer\/"},"wordCount":2372,"commentCount":11,"publisher":{"@id":"https:\/\/patrick-fontaine.com\/blog\/#\/schema\/person\/05b8f7de3dccdbb9c2b5cbe9922bfa71"},"image":{"@id":"https:\/\/patrick-fontaine.com\/blog\/2018\/04\/09\/5-choses-que-je-naime-pas-chez-affinity-designer\/#primaryimage"},"thumbnailUrl":"https:\/\/i0.wp.com\/patrick-fontaine.com\/blog\/wp-content\/uploads\/2018\/04\/tchac.jpg?fit=727%2C485&ssl=1","keywords":["Affinity Designer","Graphisme","Logiciel","UI design"],"articleSection":["Blog"],"inLanguage":"fr-FR","potentialAction":[{"@type":"CommentAction","name":"Comment","target":["https:\/\/patrick-fontaine.com\/blog\/2018\/04\/09\/5-choses-que-je-naime-pas-chez-affinity-designer\/#respond"]}]},{"@type":"WebPage","@id":"https:\/\/patrick-fontaine.com\/blog\/2018\/04\/09\/5-choses-que-je-naime-pas-chez-affinity-designer\/","url":"https:\/\/patrick-fontaine.com\/blog\/2018\/04\/09\/5-choses-que-je-naime-pas-chez-affinity-designer\/","name":"5 choses que je n'aime pas chez Affinity Designer - Patrick Fontaine","isPartOf":{"@id":"https:\/\/patrick-fontaine.com\/blog\/#website"},"primaryImageOfPage":{"@id":"https:\/\/patrick-fontaine.com\/blog\/2018\/04\/09\/5-choses-que-je-naime-pas-chez-affinity-designer\/#primaryimage"},"image":{"@id":"https:\/\/patrick-fontaine.com\/blog\/2018\/04\/09\/5-choses-que-je-naime-pas-chez-affinity-designer\/#primaryimage"},"thumbnailUrl":"https:\/\/i0.wp.com\/patrick-fontaine.com\/blog\/wp-content\/uploads\/2018\/04\/tchac.jpg?fit=727%2C485&ssl=1","datePublished":"2018-04-09T15:23:53+00:00","dateModified":"2020-03-02T13:12:51+00:00","breadcrumb":{"@id":"https:\/\/patrick-fontaine.com\/blog\/2018\/04\/09\/5-choses-que-je-naime-pas-chez-affinity-designer\/#breadcrumb"},"inLanguage":"fr-FR","potentialAction":[{"@type":"ReadAction","target":["https:\/\/patrick-fontaine.com\/blog\/2018\/04\/09\/5-choses-que-je-naime-pas-chez-affinity-designer\/"]}]},{"@type":"ImageObject","inLanguage":"fr-FR","@id":"https:\/\/patrick-fontaine.com\/blog\/2018\/04\/09\/5-choses-que-je-naime-pas-chez-affinity-designer\/#primaryimage","url":"https:\/\/i0.wp.com\/patrick-fontaine.com\/blog\/wp-content\/uploads\/2018\/04\/tchac.jpg?fit=727%2C485&ssl=1","contentUrl":"https:\/\/i0.wp.com\/patrick-fontaine.com\/blog\/wp-content\/uploads\/2018\/04\/tchac.jpg?fit=727%2C485&ssl=1","width":727,"height":485,"caption":"5 trucs qui me mettent les boules."},{"@type":"BreadcrumbList","@id":"https:\/\/patrick-fontaine.com\/blog\/2018\/04\/09\/5-choses-que-je-naime-pas-chez-affinity-designer\/#breadcrumb","itemListElement":[{"@type":"ListItem","position":1,"name":"Accueil","item":"https:\/\/patrick-fontaine.com\/blog\/"},{"@type":"ListItem","position":2,"name":"5 choses que je n&rsquo;aime pas chez Affinity Designer"}]},{"@type":"WebSite","@id":"https:\/\/patrick-fontaine.com\/blog\/#website","url":"https:\/\/patrick-fontaine.com\/blog\/","name":"Patrick Fontaine","description":"et son petit blog illustr\u00e9","publisher":{"@id":"https:\/\/patrick-fontaine.com\/blog\/#\/schema\/person\/05b8f7de3dccdbb9c2b5cbe9922bfa71"},"potentialAction":[{"@type":"SearchAction","target":{"@type":"EntryPoint","urlTemplate":"https:\/\/patrick-fontaine.com\/blog\/?s={search_term_string}"},"query-input":{"@type":"PropertyValueSpecification","valueRequired":true,"valueName":"search_term_string"}}],"inLanguage":"fr-FR"},{"@type":["Person","Organization"],"@id":"https:\/\/patrick-fontaine.com\/blog\/#\/schema\/person\/05b8f7de3dccdbb9c2b5cbe9922bfa71","name":"Patrick Fontaine","image":{"@type":"ImageObject","inLanguage":"fr-FR","@id":"https:\/\/patrick-fontaine.com\/blog\/wp-content\/uploads\/2018\/03\/logo_serpent.png","url":"https:\/\/patrick-fontaine.com\/blog\/wp-content\/uploads\/2018\/03\/logo_serpent.png","contentUrl":"https:\/\/patrick-fontaine.com\/blog\/wp-content\/uploads\/2018\/03\/logo_serpent.png","width":2000,"height":1200,"caption":"Patrick Fontaine"},"logo":{"@id":"https:\/\/patrick-fontaine.com\/blog\/wp-content\/uploads\/2018\/03\/logo_serpent.png"}}]}},"jetpack_featured_media_url":"https:\/\/i0.wp.com\/patrick-fontaine.com\/blog\/wp-content\/uploads\/2018\/04\/tchac.jpg?fit=727%2C485&ssl=1","jetpack_sharing_enabled":true,"jetpack_shortlink":"https:\/\/wp.me\/p9JLro-ad","jetpack_likes_enabled":false,"_links":{"self":[{"href":"https:\/\/patrick-fontaine.com\/blog\/wp-json\/wp\/v2\/posts\/633","targetHints":{"allow":["GET"]}}],"collection":[{"href":"https:\/\/patrick-fontaine.com\/blog\/wp-json\/wp\/v2\/posts"}],"about":[{"href":"https:\/\/patrick-fontaine.com\/blog\/wp-json\/wp\/v2\/types\/post"}],"author":[{"embeddable":true,"href":"https:\/\/patrick-fontaine.com\/blog\/wp-json\/wp\/v2\/users\/1"}],"replies":[{"embeddable":true,"href":"https:\/\/patrick-fontaine.com\/blog\/wp-json\/wp\/v2\/comments?post=633"}],"version-history":[{"count":31,"href":"https:\/\/patrick-fontaine.com\/blog\/wp-json\/wp\/v2\/posts\/633\/revisions"}],"predecessor-version":[{"id":1747,"href":"https:\/\/patrick-fontaine.com\/blog\/wp-json\/wp\/v2\/posts\/633\/revisions\/1747"}],"wp:featuredmedia":[{"embeddable":true,"href":"https:\/\/patrick-fontaine.com\/blog\/wp-json\/wp\/v2\/media\/675"}],"wp:attachment":[{"href":"https:\/\/patrick-fontaine.com\/blog\/wp-json\/wp\/v2\/media?parent=633"}],"wp:term":[{"taxonomy":"category","embeddable":true,"href":"https:\/\/patrick-fontaine.com\/blog\/wp-json\/wp\/v2\/categories?post=633"},{"taxonomy":"post_tag","embeddable":true,"href":"https:\/\/patrick-fontaine.com\/blog\/wp-json\/wp\/v2\/tags?post=633"}],"curies":[{"name":"wp","href":"https:\/\/api.w.org\/{rel}","templated":true}]}}