{"id":8701,"date":"2024-10-07T18:07:00","date_gmt":"2024-10-07T16:07:00","guid":{"rendered":"https:\/\/patrick-fontaine.com\/blog\/?p=8701"},"modified":"2025-10-27T15:19:43","modified_gmt":"2025-10-27T14:19:43","slug":"la-ville-dorsay","status":"publish","type":"post","link":"https:\/\/patrick-fontaine.com\/blog\/2024\/10\/07\/la-ville-dorsay\/","title":{"rendered":"La ville d&rsquo;Orsay"},"content":{"rendered":"\n<p class=\"has-text-align-center has-small-font-size\"><br>Guide d\u2019associations, illustration et graphisme, arts\/sports\/cultures\/environnement<br>copyright <strong>Mairie d&rsquo;Orsay<\/strong><\/p>\n\n\n\n<div style=\"height:100px\" aria-hidden=\"true\" class=\"wp-block-spacer\"><\/div>\n\n\n\n<h2 class=\"wp-block-heading has-text-align-center tw-heading-dash-bottom\">Les clients<\/h2>\n\n\n\n<div class=\"wp-block-columns is-layout-flex wp-container-core-columns-is-layout-abceabcf wp-block-columns-is-layout-flex\">\n<div class=\"wp-block-column is-layout-flow wp-block-column-is-layout-flow\" style=\"--col-width:50%;flex-basis:50%\">\n<p class=\"has-drop-cap has-medium-font-size\">La <strong>mairie d\u2019Orsay<\/strong> comme chaque ann\u00e9e <mark style=\"background-color:#34ecad\" class=\"has-inline-color\">fait appel \u00e0 un <strong>graphiste\/illustrateur ind\u00e9pendant<\/strong><\/mark> pour la conception de leur <strong>guide des associations<\/strong>. Une maquette de 68 pages d\u2019associations diverses et vari\u00e9es, enrob\u00e9e d\u2019une couverture qui doit <mark style=\"background-color:#34ecad\" class=\"has-inline-color\">r\u00e9pondre aux <strong>attentes <\/strong>de la ville et de ses habitants.<\/mark><\/p>\n<\/div>\n\n\n\n<div class=\"wp-block-column is-layout-flow wp-block-column-is-layout-flow\">\n<p>Je postule \u00e0 leur <strong>appel d\u2019offre<\/strong> pour l\u2019\u00e9dition 2022 <mark style=\"background-color:#34ecad\" class=\"has-inline-color\">en leur pr\u00e9sentant un <strong>devis honn\u00eate<\/strong> et quelques cr\u00e9ations<\/mark> datant de l\u2019\u00e9poque o\u00f9 j\u2019ai travaill\u00e9 pour de grosses entreprises comme IBM, SNCF, Hewlett Packard (retrouvez quelques infographies <a href=\"https:\/\/patrick-fontaine.com\/blog\/design\/infographies2017\/\">par ici<\/a>). Audrey, la responsable de communication \u00e0 la mairie d\u2019Orsay, est <strong>conquise<\/strong>.<\/p>\n<\/div>\n\n\n\n<div class=\"wp-block-column is-layout-flow wp-block-column-is-layout-flow\">\n<p>Le calendrier de mon commanditaire est tr\u00e8s large\u2026 du moins sur le papier. En effet, dans la r\u00e9alit\u00e9 j\u2019ai \u00e9t\u00e9 tr\u00e8s vite surpris par l\u2019inertie administrative. C\u2019est ainsi, contrairement \u00e0 une mairie d\u2019une ville telle que Orsay, <mark style=\"background-color:#34ecad\" class=\"has-inline-color\">j\u2019ai plus de <strong>flexibilit\u00e9<\/strong>.<\/mark> C\u2019est \u00e0 moi de prendre l\u2019<strong>initiative <\/strong>de m\u2019<strong>adapter<\/strong>, alors j\u2019organise mon travail <mark style=\"background-color:#34ecad\" class=\"has-inline-color\">pour que tout le monde puisse avancer au <strong>bon rythme<\/strong>. <\/mark>Heureusement, je suis \u00e9paul\u00e9 par Audrey qui s\u2019assure que tout se d\u00e9roule sans accroc<\/p>\n<\/div>\n<\/div>\n\n\n\n<hr class=\"wp-block-separator has-css-opacity\"\/>\n\n\n\n<h2 class=\"wp-block-heading has-text-align-center tw-heading-dash-bottom\">La commande<\/h2>\n\n\n\n<div class=\"wp-block-media-text is-stacked-on-mobile is-style-tw-overlap petiteSection\"><figure class=\"wp-block-media-text__media\"><img data-recalc-dims=\"1\" loading=\"lazy\" decoding=\"async\" width=\"525\" height=\"525\" src=\"https:\/\/i0.wp.com\/patrick-fontaine.com\/blog\/wp-content\/uploads\/2024\/10\/enquetrice.webp?resize=525%2C525&#038;ssl=1\" alt=\"\" class=\"wp-image-8341 size-full\" srcset=\"https:\/\/i0.wp.com\/patrick-fontaine.com\/blog\/wp-content\/uploads\/2024\/10\/enquetrice.webp?resize=1024%2C1024&amp;ssl=1 1024w, https:\/\/i0.wp.com\/patrick-fontaine.com\/blog\/wp-content\/uploads\/2024\/10\/enquetrice.webp?resize=300%2C300&amp;ssl=1 300w, https:\/\/i0.wp.com\/patrick-fontaine.com\/blog\/wp-content\/uploads\/2024\/10\/enquetrice.webp?resize=150%2C150&amp;ssl=1 150w, https:\/\/i0.wp.com\/patrick-fontaine.com\/blog\/wp-content\/uploads\/2024\/10\/enquetrice.webp?resize=768%2C768&amp;ssl=1 768w, https:\/\/i0.wp.com\/patrick-fontaine.com\/blog\/wp-content\/uploads\/2024\/10\/enquetrice.webp?resize=100%2C100&amp;ssl=1 100w, https:\/\/i0.wp.com\/patrick-fontaine.com\/blog\/wp-content\/uploads\/2024\/10\/enquetrice.webp?w=1080&amp;ssl=1 1080w\" sizes=\"auto, (max-width: 706px) 89vw, (max-width: 767px) 82vw, 740px\" \/><\/figure><div class=\"wp-block-media-text__content\">\n<div class=\"wp-block-group has-white-background-color has-background\"><div class=\"wp-block-group__inner-container is-layout-constrained wp-block-group-is-layout-constrained\">\n<p class=\"has-drop-cap\">La commande de la mairie d\u2019Orsay comprend <mark style=\"background-color:#34ecad\" class=\"has-inline-color\">l\u2019illustration de <strong>couverture <\/strong>et la <strong>maquette int\u00e9rieure<\/strong> du guide.<\/mark> Plus de 200 associations rang\u00e9es dans pr\u00e8s de 40 th\u00e9matiques \u00e0 caser dans la soixantaine de pages int\u00e9rieures, sans oublier l\u2019\u00e9dito du maire, les sommaires, les index. Un vrai casse-t\u00eate, surtout que les informations sur les associations ne sont pas toutes \u00e0 jour au moment de la conception.<\/p>\n\n\n\n<p>Tr\u00e8s vite, je pense \u00e0 r\u00e9fl\u00e9chir \u00e0 <mark style=\"background-color:#34ecad\" class=\"has-inline-color\">utiliser les diff\u00e9rents <strong>outils <\/strong>d\u2019importations dynamiques<\/mark> dans mes <strong>logiciels <\/strong>de graphisme pour me faciliter la vie. Sans eux, j\u2019aurais \u00e9t\u00e9 oblig\u00e9 de refaire et refaire le travail un nombre incalculable de fois. On aurait <mark style=\"background-color:#34ecad\" class=\"has-inline-color\">explos\u00e9 le <strong>calendrier <\/strong>et le <strong>budget <\/strong>pr\u00e9vus.<\/mark><\/p>\n<\/div><\/div>\n<\/div><\/div>\n\n\n\n<div class=\"wp-block-columns petiteSection is-layout-flex wp-container-core-columns-is-layout-abceabcf wp-block-columns-is-layout-flex\">\n<div class=\"wp-block-column is-layout-flow wp-block-column-is-layout-flow\">\n<p>Le brief d\u2019Orsay est pr\u00e9cis sur l\u2019<strong>aspect technique<\/strong> mais tr\u00e8s vague sur la <strong>direction artistique<\/strong>. L\u2019une des contraintes est d\u2019utiliser une des photos de la ville avec mon illustration de couverture. En r\u00e9alit\u00e9, l\u2019\u00e9quipe de la mairie a particuli\u00e8rement aim\u00e9 mon travail sur le festival Laon\u2019vie de Jouer <a href=\"https:\/\/patrick-fontaine.com\/blog\/2021\/03\/18\/laonvie-de-jouer\/\">(en savoir plus<\/a>) o\u00f9 j\u2019ai refait la cath\u00e9drale de Notre Dame de Laon en ajoutant le diabolique Ludi\u2019fer. Toutefois, contrairement \u00e0 ce projet, Orsay n\u2019a pas d\u2019id\u00e9e pr\u00e9cise sur la composition et <mark style=\"background-color:#34ecad\" class=\"has-inline-color\">attends de moi des <strong>propositions<\/strong>.<\/mark><\/p>\n<\/div>\n\n\n\n<div class=\"wp-block-column is-layout-flow wp-block-column-is-layout-flow\">\n<p>Autre difficult\u00e9&nbsp;&#160;: le <strong>th\u00e8me<\/strong>. Il faut que la couverture du guide mette en avant la <strong>pluralit\u00e9 <\/strong>des associations de la ville, le tout avec les ambitions du maire qui tournent autour de l\u2019<strong>environnement<\/strong>.<\/p>\n\n\n\n<figure class=\"wp-block-image size-large is-style-default\"><img data-recalc-dims=\"1\" loading=\"lazy\" decoding=\"async\" width=\"525\" height=\"525\" src=\"https:\/\/i0.wp.com\/patrick-fontaine.com\/blog\/wp-content\/uploads\/2024\/10\/echec.webp?resize=525%2C525&#038;ssl=1\" alt=\"\" class=\"wp-image-8336\" srcset=\"https:\/\/i0.wp.com\/patrick-fontaine.com\/blog\/wp-content\/uploads\/2024\/10\/echec.webp?resize=1024%2C1024&amp;ssl=1 1024w, https:\/\/i0.wp.com\/patrick-fontaine.com\/blog\/wp-content\/uploads\/2024\/10\/echec.webp?resize=300%2C300&amp;ssl=1 300w, https:\/\/i0.wp.com\/patrick-fontaine.com\/blog\/wp-content\/uploads\/2024\/10\/echec.webp?resize=150%2C150&amp;ssl=1 150w, https:\/\/i0.wp.com\/patrick-fontaine.com\/blog\/wp-content\/uploads\/2024\/10\/echec.webp?resize=768%2C768&amp;ssl=1 768w, https:\/\/i0.wp.com\/patrick-fontaine.com\/blog\/wp-content\/uploads\/2024\/10\/echec.webp?resize=100%2C100&amp;ssl=1 100w, https:\/\/i0.wp.com\/patrick-fontaine.com\/blog\/wp-content\/uploads\/2024\/10\/echec.webp?w=1080&amp;ssl=1 1080w\" sizes=\"auto, (max-width: 706px) 89vw, (max-width: 767px) 82vw, 740px\" \/><\/figure>\n<\/div>\n\n\n\n<div style=\"--col-width:;\" class=\"wp-block-column is-layout-flow wp-block-column-is-layout-flow\">\n<p>Et finalement, je <strong>propose <\/strong>tout <strong>autre chose<\/strong> \u00e0 Audrey avec un croquis sans utilisation de photo. Mon <strong>id\u00e9e&nbsp;<\/strong>&#160;: des abeilles s\u2019\u00e9panouissent dans les herbes et les fleurs d\u2019Orsay dans diverses activit\u00e9s culturelles, sportives, artistiques, etc. La proposition remporte imm\u00e9diatement l\u2019adh\u00e9sion de mon interm\u00e9diaire et de l\u2019\u00e9quipe de communication. Avec Audrey, je peaufine la composition de l\u2019illustration pour <mark style=\"background-color:#34ecad\" class=\"has-inline-color\">avoir quelque chose d\u2019<strong>attrayant<\/strong>, de <strong>frais <\/strong>tout en restant <strong>lisible<\/strong>.<\/mark><\/p>\n<\/div>\n<\/div>\n\n\n<div class=\"wp-block-image\">\n<figure class=\"aligncenter size-large\"><img data-recalc-dims=\"1\" loading=\"lazy\" decoding=\"async\" width=\"525\" height=\"525\" src=\"https:\/\/i0.wp.com\/patrick-fontaine.com\/blog\/wp-content\/uploads\/2024\/10\/orsay_guide-associations-2022.webp?resize=525%2C525&#038;ssl=1\" alt=\"\" class=\"wp-image-8345\" srcset=\"https:\/\/i0.wp.com\/patrick-fontaine.com\/blog\/wp-content\/uploads\/2024\/10\/orsay_guide-associations-2022.webp?resize=1024%2C1024&amp;ssl=1 1024w, https:\/\/i0.wp.com\/patrick-fontaine.com\/blog\/wp-content\/uploads\/2024\/10\/orsay_guide-associations-2022.webp?resize=300%2C300&amp;ssl=1 300w, https:\/\/i0.wp.com\/patrick-fontaine.com\/blog\/wp-content\/uploads\/2024\/10\/orsay_guide-associations-2022.webp?resize=150%2C150&amp;ssl=1 150w, https:\/\/i0.wp.com\/patrick-fontaine.com\/blog\/wp-content\/uploads\/2024\/10\/orsay_guide-associations-2022.webp?resize=768%2C769&amp;ssl=1 768w, https:\/\/i0.wp.com\/patrick-fontaine.com\/blog\/wp-content\/uploads\/2024\/10\/orsay_guide-associations-2022.webp?resize=1534%2C1536&amp;ssl=1 1534w, https:\/\/i0.wp.com\/patrick-fontaine.com\/blog\/wp-content\/uploads\/2024\/10\/orsay_guide-associations-2022.webp?resize=100%2C100&amp;ssl=1 100w, https:\/\/i0.wp.com\/patrick-fontaine.com\/blog\/wp-content\/uploads\/2024\/10\/orsay_guide-associations-2022.webp?w=1598&amp;ssl=1 1598w\" sizes=\"auto, (max-width: 706px) 89vw, (max-width: 767px) 82vw, 740px\" \/><\/figure>\n<\/div>\n\n\n<p class=\"petiteSection\">Quant \u00e0 la maquette int\u00e9rieure, j\u2019ai pr\u00e9par\u00e9 le travail <strong>en amont<\/strong> en param\u00e9trant mes <strong>outils<\/strong>. Lorsque les <strong>donn\u00e9es <\/strong>sont pr\u00eates,<mark style=\"background-color:#34ecad\" class=\"has-inline-color\"> l\u2019<strong>int\u00e9gration<\/strong> se fait sans heurts&nbsp;&#160;!<\/mark> Bien s\u00fbr, il faut repasser derri\u00e8re pour que mon \u0153il de <strong>graphiste expert<\/strong> d\u00e9tecte les petites b\u00eatises g\u00e9n\u00e9r\u00e9es par le <strong>logiciel<\/strong>.<\/p>\n\n\n<div class=\"wp-block-image\">\n<figure class=\"aligncenter size-large is-resized\"><img data-recalc-dims=\"1\" loading=\"lazy\" decoding=\"async\" width=\"525\" height=\"525\" src=\"https:\/\/i0.wp.com\/patrick-fontaine.com\/blog\/wp-content\/uploads\/2024\/10\/abeille-lunettes.webp?resize=525%2C525&#038;ssl=1\" alt=\"\" class=\"wp-image-8346\" style=\"aspect-ratio:1;object-fit:cover;width:200px\" srcset=\"https:\/\/i0.wp.com\/patrick-fontaine.com\/blog\/wp-content\/uploads\/2024\/10\/abeille-lunettes.webp?resize=1024%2C1024&amp;ssl=1 1024w, https:\/\/i0.wp.com\/patrick-fontaine.com\/blog\/wp-content\/uploads\/2024\/10\/abeille-lunettes.webp?resize=300%2C300&amp;ssl=1 300w, https:\/\/i0.wp.com\/patrick-fontaine.com\/blog\/wp-content\/uploads\/2024\/10\/abeille-lunettes.webp?resize=150%2C150&amp;ssl=1 150w, https:\/\/i0.wp.com\/patrick-fontaine.com\/blog\/wp-content\/uploads\/2024\/10\/abeille-lunettes.webp?resize=768%2C768&amp;ssl=1 768w, https:\/\/i0.wp.com\/patrick-fontaine.com\/blog\/wp-content\/uploads\/2024\/10\/abeille-lunettes.webp?resize=100%2C100&amp;ssl=1 100w, https:\/\/i0.wp.com\/patrick-fontaine.com\/blog\/wp-content\/uploads\/2024\/10\/abeille-lunettes.webp?w=1080&amp;ssl=1 1080w\" sizes=\"auto, (max-width: 706px) 89vw, (max-width: 767px) 82vw, 740px\" \/><\/figure>\n<\/div>\n\n\n<hr class=\"wp-block-separator has-css-opacity\"\/>\n\n\n\n<h2 class=\"wp-block-heading has-text-align-center tw-heading-dash-bottom\">2023, 2024 et 2025<\/h2>\n\n\n\n<p class=\"petiteSection\">Quelques mois plus tard, <mark style=\"background-color:#34ecad\" class=\"has-inline-color\">le Guide des associations 2022 d\u2019Orsay est <strong>imprim\u00e9 <\/strong>et <strong>distribu\u00e9<\/strong><\/mark><strong> <\/strong>\u00e0 tous les orc\u00e9ens pour la rentr\u00e9e associative.<\/p>\n\n\n\n<div class=\"wp-block-columns petiteSection is-layout-flex wp-container-core-columns-is-layout-abceabcf wp-block-columns-is-layout-flex\">\n<div class=\"wp-block-column is-layout-flow wp-block-column-is-layout-flow\" style=\"--col-width:66.66%;flex-basis:66.66%\">\n<p class=\"petiteSection\">L\u2019ann\u00e9e suivante, en 2023, je retente ma chance aupr\u00e8s de la mairie d\u2019Orsay pour l\u2019appel d\u2019offre. Et <mark style=\"background-color:#34ecad\" class=\"has-inline-color\">l\u2019\u00e9quipe me fait <strong>confiance <\/strong>\u00e0 nouveau<\/mark> m\u00eame si le <strong>style <\/strong>qu\u2019il cherche diff\u00e8re de l\u2019affiche que je leur avais faite.<\/p>\n\n\n\n<p class=\"petiteSection\">Ils veulent quelque chose de moins \u00ab\u00a0peinture\u00a0\u00bb et plus \u00ab\u00a0BD\u00a0\u00bb. \u00c7a tombe bien, je sais faire aussi. Comme le style est moins exigeant que l&rsquo;ann\u00e9e suivante, je leur propose d&rsquo;int\u00e9grer des <strong>pictogrammes <\/strong>en plus dans les pages. Ils adorent mais je regrette tr\u00e8s vite ma d\u00e9cision car ces visuels prennent une place folle dans la <strong>maquette <\/strong>d\u00e9j\u00e0 tr\u00e8s serr\u00e9e. Tant pis, on trouve le <strong>bon dosage<\/strong> entre <strong>esth\u00e9tique <\/strong>et <strong>lisibilit\u00e9<\/strong>. <mark style=\"background-color:#34ecad\" class=\"has-inline-color\">C&rsquo;est \u00e7a aussi le boulot de <strong>graphiste <\/strong>&#160;!<\/mark><\/p>\n<\/div>\n\n\n\n<div class=\"wp-block-column is-layout-flow wp-block-column-is-layout-flow\" style=\"--col-width:33.33%;flex-basis:33.33%\"><div class=\"wp-block-image\">\n<figure class=\"aligncenter size-full is-resized\"><img data-recalc-dims=\"1\" loading=\"lazy\" decoding=\"async\" width=\"525\" height=\"408\" src=\"https:\/\/i0.wp.com\/patrick-fontaine.com\/blog\/wp-content\/uploads\/2024\/10\/10_citoyennete-questions-de-societe.png?resize=525%2C408&#038;ssl=1\" alt=\"\" class=\"wp-image-8355\" style=\"width:150px\" srcset=\"https:\/\/i0.wp.com\/patrick-fontaine.com\/blog\/wp-content\/uploads\/2024\/10\/10_citoyennete-questions-de-societe.png?w=718&amp;ssl=1 718w, https:\/\/i0.wp.com\/patrick-fontaine.com\/blog\/wp-content\/uploads\/2024\/10\/10_citoyennete-questions-de-societe.png?resize=300%2C233&amp;ssl=1 300w\" sizes=\"auto, (max-width: 525px) 100vw, 525px\" \/><\/figure>\n<\/div><\/div>\n<\/div>\n\n\n<div class=\"wp-block-image\">\n<figure class=\"aligncenter size-large\"><img data-recalc-dims=\"1\" loading=\"lazy\" decoding=\"async\" width=\"525\" height=\"525\" src=\"https:\/\/i0.wp.com\/patrick-fontaine.com\/blog\/wp-content\/uploads\/2024\/10\/orsay_guide-associations-2023.webp?resize=525%2C525&#038;ssl=1\" alt=\"\" class=\"wp-image-8352\" srcset=\"https:\/\/i0.wp.com\/patrick-fontaine.com\/blog\/wp-content\/uploads\/2024\/10\/orsay_guide-associations-2023.webp?resize=1024%2C1024&amp;ssl=1 1024w, https:\/\/i0.wp.com\/patrick-fontaine.com\/blog\/wp-content\/uploads\/2024\/10\/orsay_guide-associations-2023.webp?resize=300%2C300&amp;ssl=1 300w, https:\/\/i0.wp.com\/patrick-fontaine.com\/blog\/wp-content\/uploads\/2024\/10\/orsay_guide-associations-2023.webp?resize=150%2C150&amp;ssl=1 150w, https:\/\/i0.wp.com\/patrick-fontaine.com\/blog\/wp-content\/uploads\/2024\/10\/orsay_guide-associations-2023.webp?resize=768%2C769&amp;ssl=1 768w, https:\/\/i0.wp.com\/patrick-fontaine.com\/blog\/wp-content\/uploads\/2024\/10\/orsay_guide-associations-2023.webp?resize=1534%2C1536&amp;ssl=1 1534w, https:\/\/i0.wp.com\/patrick-fontaine.com\/blog\/wp-content\/uploads\/2024\/10\/orsay_guide-associations-2023.webp?resize=100%2C100&amp;ssl=1 100w, https:\/\/i0.wp.com\/patrick-fontaine.com\/blog\/wp-content\/uploads\/2024\/10\/orsay_guide-associations-2023.webp?w=1598&amp;ssl=1 1598w\" sizes=\"auto, (max-width: 706px) 89vw, (max-width: 767px) 82vw, 740px\" \/><figcaption class=\"wp-element-caption\">L&rsquo;\u00e9dition de 2023 plus \u00ab\u00a0BD\u00a0\u00bb<\/figcaption><\/figure>\n<\/div>\n\n\n<p class=\"petiteSection\">Et pour 2024&nbsp;&#160;? Il cherche encore un nouveau style, plus \u00ab\u00a0vectoriel\u00a0\u00bb. Encore une fois, je suis s\u00e9lectionn\u00e9 pour le guide. Merci aux <strong>infographies <\/strong>que j&rsquo;avais r\u00e9alis\u00e9s il y a plusieurs ann\u00e9es de \u00e7a pour IBM, Hewlett-Packard et d&rsquo;autres grosses soci\u00e9t\u00e9s (quelques exemples <a href=\"https:\/\/patrick-fontaine.com\/blog\/design\/infographies2017\/\">par ici<\/a>). Ces vieilles cr\u00e9ations ont tout de suite convaincu Audrey et son \u00e9quipe de me faire <strong>confiance <\/strong>\u00e0 nouveau.<\/p>\n\n\n<div class=\"wp-block-image\">\n<figure class=\"aligncenter size-large\"><img data-recalc-dims=\"1\" loading=\"lazy\" decoding=\"async\" width=\"525\" height=\"525\" src=\"https:\/\/i0.wp.com\/patrick-fontaine.com\/blog\/wp-content\/uploads\/2024\/10\/orsay_guide-associations-2024.webp?resize=525%2C525&#038;ssl=1\" alt=\"\" class=\"wp-image-8354\" srcset=\"https:\/\/i0.wp.com\/patrick-fontaine.com\/blog\/wp-content\/uploads\/2024\/10\/orsay_guide-associations-2024.webp?resize=1024%2C1024&amp;ssl=1 1024w, https:\/\/i0.wp.com\/patrick-fontaine.com\/blog\/wp-content\/uploads\/2024\/10\/orsay_guide-associations-2024.webp?resize=300%2C300&amp;ssl=1 300w, https:\/\/i0.wp.com\/patrick-fontaine.com\/blog\/wp-content\/uploads\/2024\/10\/orsay_guide-associations-2024.webp?resize=150%2C150&amp;ssl=1 150w, https:\/\/i0.wp.com\/patrick-fontaine.com\/blog\/wp-content\/uploads\/2024\/10\/orsay_guide-associations-2024.webp?resize=768%2C769&amp;ssl=1 768w, https:\/\/i0.wp.com\/patrick-fontaine.com\/blog\/wp-content\/uploads\/2024\/10\/orsay_guide-associations-2024.webp?resize=1534%2C1536&amp;ssl=1 1534w, https:\/\/i0.wp.com\/patrick-fontaine.com\/blog\/wp-content\/uploads\/2024\/10\/orsay_guide-associations-2024.webp?resize=100%2C100&amp;ssl=1 100w, https:\/\/i0.wp.com\/patrick-fontaine.com\/blog\/wp-content\/uploads\/2024\/10\/orsay_guide-associations-2024.webp?w=1598&amp;ssl=1 1598w\" sizes=\"auto, (max-width: 706px) 89vw, (max-width: 767px) 82vw, 740px\" \/><figcaption class=\"wp-element-caption\">L&rsquo;\u00e9dition de 2024 dans un style \u00ab\u00a0vectoriel\u00a0\u00bb<\/figcaption><\/figure>\n<\/div>\n\n\n<div class=\"wp-block-columns petiteSection is-layout-flex wp-container-core-columns-is-layout-abceabcf wp-block-columns-is-layout-flex\">\n<div class=\"wp-block-column is-layout-flow wp-block-column-is-layout-flow\" style=\"--col-width:66.66%;flex-basis:66.66%\">\n<figure class=\"wp-block-image size-large\"><img data-recalc-dims=\"1\" loading=\"lazy\" decoding=\"async\" width=\"525\" height=\"777\" src=\"https:\/\/i0.wp.com\/patrick-fontaine.com\/blog\/wp-content\/uploads\/2024\/10\/affiche_orsay_2024.webp?resize=525%2C777&#038;ssl=1\" alt=\"\" class=\"wp-image-8358\" srcset=\"https:\/\/i0.wp.com\/patrick-fontaine.com\/blog\/wp-content\/uploads\/2024\/10\/affiche_orsay_2024.webp?resize=692%2C1024&amp;ssl=1 692w, https:\/\/i0.wp.com\/patrick-fontaine.com\/blog\/wp-content\/uploads\/2024\/10\/affiche_orsay_2024.webp?resize=203%2C300&amp;ssl=1 203w, https:\/\/i0.wp.com\/patrick-fontaine.com\/blog\/wp-content\/uploads\/2024\/10\/affiche_orsay_2024.webp?resize=768%2C1136&amp;ssl=1 768w, https:\/\/i0.wp.com\/patrick-fontaine.com\/blog\/wp-content\/uploads\/2024\/10\/affiche_orsay_2024.webp?resize=1039%2C1536&amp;ssl=1 1039w, https:\/\/i0.wp.com\/patrick-fontaine.com\/blog\/wp-content\/uploads\/2024\/10\/affiche_orsay_2024.webp?w=1082&amp;ssl=1 1082w\" sizes=\"auto, (max-width: 525px) 100vw, 525px\" \/><\/figure>\n<\/div>\n\n\n\n<div class=\"wp-block-column is-layout-flow wp-block-column-is-layout-flow\" style=\"--col-width:33.33%;flex-basis:33.33%\">\n<p>Petite diff\u00e9rence cette ann\u00e9e,<mark style=\"background-color:#34ecad\" class=\"has-inline-color\"> je r\u00e9alise \u00e9galement l&rsquo;<strong>affiche <\/strong>de la Rentr\u00e9e Festive 2024.<\/mark> C&rsquo;est un \u00e9v\u00e9nement qui rassemble les associations dans une grosse f\u00eate organis\u00e9e par la mairie. Et bien s\u00fbr les orc\u00e9ens sont tous invit\u00e9s \u00e0 participer.<\/p>\n\n\n\n<p>\u00c9videmment je reprends le style \u00ab\u00a0vectoriel\u00a0\u00bb du Guide des Associations 2024 pour coller au <strong>th\u00e8me<\/strong>. Toutefois, j&rsquo;y ajoute <mark style=\"background-color:#34ecad\" class=\"has-inline-color\">une bonne dose de couleurs pour <strong>attirer <\/strong>le regard des orc\u00e9ens<\/mark> dans leurs rues.<\/p>\n<\/div>\n<\/div>\n\n\n\n<div class=\"wp-block-columns petiteSection is-layout-flex wp-container-core-columns-is-layout-abceabcf wp-block-columns-is-layout-flex\">\n<div class=\"wp-block-column is-vertically-aligned-center is-layout-flow wp-block-column-is-layout-flow\" style=\"--col-width:33.33%;flex-basis:33.33%\">\n<p>En 2025, la mairie refait appel \u00e0 moi. Cette fois, sans passer par un appel d&rsquo;offre. <mark style=\"background-color:#34ecad\" class=\"has-inline-color\">L&rsquo;\u00e9quipe sait ce dont je suis <strong>capable<\/strong><\/mark> et veut partir sur une des toutes premi\u00e8res <strong>propositions <\/strong>que j&rsquo;avais r\u00e9alis\u00e9es en 2021.<\/p>\n<\/div>\n\n\n\n<div class=\"wp-block-column is-vertically-aligned-center is-layout-flow wp-block-column-is-layout-flow\" style=\"--col-width:66.7%;flex-basis:66.7%\">\n<figure class=\"wp-block-image size-large\"><img data-recalc-dims=\"1\" loading=\"lazy\" decoding=\"async\" width=\"525\" height=\"525\" src=\"https:\/\/i0.wp.com\/patrick-fontaine.com\/blog\/wp-content\/uploads\/2024\/10\/orsay_guide-associations-2025.webp?resize=525%2C525&#038;ssl=1\" alt=\"\" class=\"wp-image-10775\" srcset=\"https:\/\/i0.wp.com\/patrick-fontaine.com\/blog\/wp-content\/uploads\/2024\/10\/orsay_guide-associations-2025.webp?resize=1024%2C1024&amp;ssl=1 1024w, https:\/\/i0.wp.com\/patrick-fontaine.com\/blog\/wp-content\/uploads\/2024\/10\/orsay_guide-associations-2025.webp?resize=300%2C300&amp;ssl=1 300w, https:\/\/i0.wp.com\/patrick-fontaine.com\/blog\/wp-content\/uploads\/2024\/10\/orsay_guide-associations-2025.webp?resize=150%2C150&amp;ssl=1 150w, https:\/\/i0.wp.com\/patrick-fontaine.com\/blog\/wp-content\/uploads\/2024\/10\/orsay_guide-associations-2025.webp?resize=768%2C768&amp;ssl=1 768w, https:\/\/i0.wp.com\/patrick-fontaine.com\/blog\/wp-content\/uploads\/2024\/10\/orsay_guide-associations-2025.webp?resize=100%2C100&amp;ssl=1 100w, https:\/\/i0.wp.com\/patrick-fontaine.com\/blog\/wp-content\/uploads\/2024\/10\/orsay_guide-associations-2025.webp?w=1080&amp;ssl=1 1080w\" sizes=\"auto, (max-width: 706px) 89vw, (max-width: 767px) 82vw, 740px\" \/><\/figure>\n<\/div>\n<\/div>\n\n\n\n<h2 class=\"wp-block-heading has-text-align-center\">Illustrations pour le site internet<\/h2>\n\n\n\n<div class=\"wp-block-columns is-layout-flex wp-container-core-columns-is-layout-abceabcf wp-block-columns-is-layout-flex\">\n<div class=\"wp-block-column is-vertically-aligned-center is-layout-flow wp-block-column-is-layout-flow\" style=\"--col-width:33.33%;flex-basis:33.33%\">\n<p>Dans le cadre de la refonte de leur site web, la mairie d\u2019Orsay m\u2019a \u00e9galement confi\u00e9 la cr\u00e9ation d\u2019<strong>illustrations sur mesure<\/strong>, destin\u00e9es \u00e0 accompagner le design et \u00e0 <mark style=\"background-color:#34ecad\" class=\"has-inline-color\">renforcer l\u2019<strong>identit\u00e9 visuelle<\/strong> de la ville.<\/mark> Ces visuels, \u00e0 la fois modernes et accessibles, avaient pour objectif d\u2019<strong>illustrer les services municipaux<\/strong> et de <mark style=\"background-color:#34ecad\" class=\"has-inline-color\"><strong>guider les usagers<\/strong> de mani\u00e8re intuitive.<\/mark><\/p>\n<\/div>\n\n\n\n<div class=\"wp-block-column is-vertically-aligned-center is-layout-flow wp-block-column-is-layout-flow\" style=\"--col-width:66.66%;flex-basis:66.66%\">\n<figure class=\"wp-block-image size-large\"><img data-recalc-dims=\"1\" loading=\"lazy\" decoding=\"async\" width=\"525\" height=\"334\" src=\"https:\/\/i0.wp.com\/patrick-fontaine.com\/blog\/wp-content\/uploads\/2024\/10\/orsay_laptop-face.webp?resize=525%2C334&#038;ssl=1\" alt=\"\" class=\"wp-image-10774\" srcset=\"https:\/\/i0.wp.com\/patrick-fontaine.com\/blog\/wp-content\/uploads\/2024\/10\/orsay_laptop-face-scaled.webp?resize=1024%2C651&amp;ssl=1 1024w, https:\/\/i0.wp.com\/patrick-fontaine.com\/blog\/wp-content\/uploads\/2024\/10\/orsay_laptop-face-scaled.webp?resize=300%2C191&amp;ssl=1 300w, https:\/\/i0.wp.com\/patrick-fontaine.com\/blog\/wp-content\/uploads\/2024\/10\/orsay_laptop-face-scaled.webp?resize=768%2C488&amp;ssl=1 768w, https:\/\/i0.wp.com\/patrick-fontaine.com\/blog\/wp-content\/uploads\/2024\/10\/orsay_laptop-face-scaled.webp?resize=1536%2C977&amp;ssl=1 1536w, https:\/\/i0.wp.com\/patrick-fontaine.com\/blog\/wp-content\/uploads\/2024\/10\/orsay_laptop-face-scaled.webp?resize=2048%2C1302&amp;ssl=1 2048w\" sizes=\"auto, (max-width: 706px) 89vw, (max-width: 767px) 82vw, 740px\" \/><\/figure>\n<\/div>\n<\/div>\n\n\n\n<p class=\"petiteSection\">Au total, jusqu\u2019\u00e0 aujourd\u2019hui, j\u2019ai travaill\u00e9 quatre ans de suite avec la mairie d\u2019Orsay qui m\u2019a accord\u00e9 leur <strong>confiance<\/strong>. Je ne peux que les <strong>remercier <\/strong>de m\u2019offrir ces opportunit\u00e9s.<\/p>\n\n\n<div class=\"wp-block-image petiteSection\">\n<figure class=\"aligncenter size-large is-resized\"><img data-recalc-dims=\"1\" loading=\"lazy\" decoding=\"async\" width=\"525\" height=\"250\" src=\"https:\/\/i0.wp.com\/patrick-fontaine.com\/blog\/wp-content\/uploads\/2024\/10\/mairie.webp?resize=525%2C250&#038;ssl=1\" alt=\"\" class=\"wp-image-8363\" style=\"width:300px\" srcset=\"https:\/\/i0.wp.com\/patrick-fontaine.com\/blog\/wp-content\/uploads\/2024\/10\/mairie.webp?resize=1024%2C488&amp;ssl=1 1024w, https:\/\/i0.wp.com\/patrick-fontaine.com\/blog\/wp-content\/uploads\/2024\/10\/mairie.webp?resize=300%2C143&amp;ssl=1 300w, https:\/\/i0.wp.com\/patrick-fontaine.com\/blog\/wp-content\/uploads\/2024\/10\/mairie.webp?resize=768%2C366&amp;ssl=1 768w, https:\/\/i0.wp.com\/patrick-fontaine.com\/blog\/wp-content\/uploads\/2024\/10\/mairie.webp?w=1260&amp;ssl=1 1260w\" sizes=\"auto, (max-width: 706px) 89vw, (max-width: 767px) 82vw, 740px\" \/><\/figure>\n<\/div>\n\n\n<hr class=\"wp-block-separator has-css-opacity\"\/>\n","protected":false},"excerpt":{"rendered":"<p>Conception de la brochure du guide des associations de la mairie d&rsquo;Orsay.<\/p>\n","protected":false},"author":1,"featured_media":8367,"comment_status":"open","ping_status":"open","sticky":false,"template":"","format":"standard","meta":{"_editorskit_title_hidden":false,"_editorskit_reading_time":0,"_editorskit_is_block_options_detached":false,"_editorskit_block_options_position":"{}","inline_featured_image":false,"jetpack_post_was_ever_published":false,"_jetpack_newsletter_access":"","_jetpack_dont_email_post_to_subs":false,"_jetpack_newsletter_tier_id":0,"_jetpack_memberships_contains_paywalled_content":false,"_jetpack_memberships_contains_paid_content":false,"footnotes":""},"categories":[169,156],"tags":[25,8,165,166,15,161,164],"class_list":["post-8701","post","type-post","status-publish","format-standard","has-post-thumbnail","hentry","category-graphisme","category-illustration","tag-digital-painting","tag-graphisme","tag-icone","tag-identite-visuelle","tag-illustration","tag-jeunesse","tag-vectoriel"],"yoast_head":"<!-- This site is optimized with the Yoast SEO plugin v27.5 - https:\/\/yoast.com\/product\/yoast-seo-wordpress\/ -->\n<title>La ville d&#039;Orsay - Patrick Fontaine<\/title>\n<meta name=\"robots\" content=\"index, follow, max-snippet:-1, max-image-preview:large, max-video-preview:-1\" \/>\n<link rel=\"canonical\" href=\"https:\/\/patrick-fontaine.com\/blog\/2024\/10\/07\/la-ville-dorsay\/\" \/>\n<meta property=\"og:locale\" content=\"fr_FR\" \/>\n<meta property=\"og:type\" content=\"article\" \/>\n<meta property=\"og:title\" content=\"La ville d&#039;Orsay - Patrick Fontaine\" \/>\n<meta property=\"og:description\" content=\"Conception de la brochure du guide des associations de la mairie d&#039;Orsay.\" \/>\n<meta property=\"og:url\" content=\"https:\/\/patrick-fontaine.com\/blog\/2024\/10\/07\/la-ville-dorsay\/\" \/>\n<meta property=\"og:site_name\" content=\"Patrick Fontaine\" \/>\n<meta property=\"article:published_time\" content=\"2024-10-07T16:07:00+00:00\" \/>\n<meta property=\"article:modified_time\" content=\"2025-10-27T14:19:43+00:00\" \/>\n<meta property=\"og:image\" content=\"https:\/\/patrick-fontaine.com\/blog\/wp-content\/uploads\/2024\/10\/guide-orsay.webp\" \/>\n\t<meta property=\"og:image:width\" content=\"1080\" \/>\n\t<meta property=\"og:image:height\" content=\"1080\" \/>\n\t<meta property=\"og:image:type\" content=\"image\/webp\" \/>\n<meta name=\"author\" content=\"Patrick Fontaine\" \/>\n<meta name=\"twitter:card\" content=\"summary_large_image\" \/>\n<meta name=\"twitter:creator\" content=\"@hello_patrickf\" \/>\n<meta name=\"twitter:site\" content=\"@hello_patrickf\" \/>\n<meta name=\"twitter:label1\" content=\"\u00c9crit par\" \/>\n\t<meta name=\"twitter:data1\" content=\"Patrick Fontaine\" \/>\n\t<meta name=\"twitter:label2\" content=\"Dur\u00e9e de lecture estim\u00e9e\" \/>\n\t<meta name=\"twitter:data2\" content=\"8 minutes\" \/>\n<script type=\"application\/ld+json\" class=\"yoast-schema-graph\">{\"@context\":\"https:\\\/\\\/schema.org\",\"@graph\":[{\"@type\":\"Article\",\"@id\":\"https:\\\/\\\/patrick-fontaine.com\\\/blog\\\/2024\\\/10\\\/07\\\/la-ville-dorsay\\\/#article\",\"isPartOf\":{\"@id\":\"https:\\\/\\\/patrick-fontaine.com\\\/blog\\\/2024\\\/10\\\/07\\\/la-ville-dorsay\\\/\"},\"author\":{\"name\":\"Patrick Fontaine\",\"@id\":\"https:\\\/\\\/patrick-fontaine.com\\\/blog\\\/#\\\/schema\\\/person\\\/05b8f7de3dccdbb9c2b5cbe9922bfa71\"},\"headline\":\"La ville d&rsquo;Orsay\",\"datePublished\":\"2024-10-07T16:07:00+00:00\",\"dateModified\":\"2025-10-27T14:19:43+00:00\",\"mainEntityOfPage\":{\"@id\":\"https:\\\/\\\/patrick-fontaine.com\\\/blog\\\/2024\\\/10\\\/07\\\/la-ville-dorsay\\\/\"},\"wordCount\":1077,\"commentCount\":0,\"publisher\":{\"@id\":\"https:\\\/\\\/patrick-fontaine.com\\\/blog\\\/#\\\/schema\\\/person\\\/05b8f7de3dccdbb9c2b5cbe9922bfa71\"},\"image\":{\"@id\":\"https:\\\/\\\/patrick-fontaine.com\\\/blog\\\/2024\\\/10\\\/07\\\/la-ville-dorsay\\\/#primaryimage\"},\"thumbnailUrl\":\"https:\\\/\\\/i0.wp.com\\\/patrick-fontaine.com\\\/blog\\\/wp-content\\\/uploads\\\/2024\\\/10\\\/guide-orsay.webp?fit=1080%2C1080&ssl=1\",\"keywords\":[\"Digital painting\",\"Graphisme\",\"Icone\",\"Identit\u00e9 visuelle\",\"Illustration\",\"Jeunesse\",\"Vectoriel\"],\"articleSection\":[\"Graphisme\",\"Illustration\"],\"inLanguage\":\"fr-FR\",\"potentialAction\":[{\"@type\":\"CommentAction\",\"name\":\"Comment\",\"target\":[\"https:\\\/\\\/patrick-fontaine.com\\\/blog\\\/2024\\\/10\\\/07\\\/la-ville-dorsay\\\/#respond\"]}]},{\"@type\":\"WebPage\",\"@id\":\"https:\\\/\\\/patrick-fontaine.com\\\/blog\\\/2024\\\/10\\\/07\\\/la-ville-dorsay\\\/\",\"url\":\"https:\\\/\\\/patrick-fontaine.com\\\/blog\\\/2024\\\/10\\\/07\\\/la-ville-dorsay\\\/\",\"name\":\"La ville d'Orsay - Patrick Fontaine\",\"isPartOf\":{\"@id\":\"https:\\\/\\\/patrick-fontaine.com\\\/blog\\\/#website\"},\"primaryImageOfPage\":{\"@id\":\"https:\\\/\\\/patrick-fontaine.com\\\/blog\\\/2024\\\/10\\\/07\\\/la-ville-dorsay\\\/#primaryimage\"},\"image\":{\"@id\":\"https:\\\/\\\/patrick-fontaine.com\\\/blog\\\/2024\\\/10\\\/07\\\/la-ville-dorsay\\\/#primaryimage\"},\"thumbnailUrl\":\"https:\\\/\\\/i0.wp.com\\\/patrick-fontaine.com\\\/blog\\\/wp-content\\\/uploads\\\/2024\\\/10\\\/guide-orsay.webp?fit=1080%2C1080&ssl=1\",\"datePublished\":\"2024-10-07T16:07:00+00:00\",\"dateModified\":\"2025-10-27T14:19:43+00:00\",\"breadcrumb\":{\"@id\":\"https:\\\/\\\/patrick-fontaine.com\\\/blog\\\/2024\\\/10\\\/07\\\/la-ville-dorsay\\\/#breadcrumb\"},\"inLanguage\":\"fr-FR\",\"potentialAction\":[{\"@type\":\"ReadAction\",\"target\":[\"https:\\\/\\\/patrick-fontaine.com\\\/blog\\\/2024\\\/10\\\/07\\\/la-ville-dorsay\\\/\"]}]},{\"@type\":\"ImageObject\",\"inLanguage\":\"fr-FR\",\"@id\":\"https:\\\/\\\/patrick-fontaine.com\\\/blog\\\/2024\\\/10\\\/07\\\/la-ville-dorsay\\\/#primaryimage\",\"url\":\"https:\\\/\\\/i0.wp.com\\\/patrick-fontaine.com\\\/blog\\\/wp-content\\\/uploads\\\/2024\\\/10\\\/guide-orsay.webp?fit=1080%2C1080&ssl=1\",\"contentUrl\":\"https:\\\/\\\/i0.wp.com\\\/patrick-fontaine.com\\\/blog\\\/wp-content\\\/uploads\\\/2024\\\/10\\\/guide-orsay.webp?fit=1080%2C1080&ssl=1\",\"width\":1080,\"height\":1080},{\"@type\":\"BreadcrumbList\",\"@id\":\"https:\\\/\\\/patrick-fontaine.com\\\/blog\\\/2024\\\/10\\\/07\\\/la-ville-dorsay\\\/#breadcrumb\",\"itemListElement\":[{\"@type\":\"ListItem\",\"position\":1,\"name\":\"Accueil\",\"item\":\"https:\\\/\\\/patrick-fontaine.com\\\/blog\\\/\"},{\"@type\":\"ListItem\",\"position\":2,\"name\":\"La ville d&rsquo;Orsay\"}]},{\"@type\":\"WebSite\",\"@id\":\"https:\\\/\\\/patrick-fontaine.com\\\/blog\\\/#website\",\"url\":\"https:\\\/\\\/patrick-fontaine.com\\\/blog\\\/\",\"name\":\"Patrick Fontaine\",\"description\":\"et son petit blog illustr\u00e9\",\"publisher\":{\"@id\":\"https:\\\/\\\/patrick-fontaine.com\\\/blog\\\/#\\\/schema\\\/person\\\/05b8f7de3dccdbb9c2b5cbe9922bfa71\"},\"potentialAction\":[{\"@type\":\"SearchAction\",\"target\":{\"@type\":\"EntryPoint\",\"urlTemplate\":\"https:\\\/\\\/patrick-fontaine.com\\\/blog\\\/?s={search_term_string}\"},\"query-input\":{\"@type\":\"PropertyValueSpecification\",\"valueRequired\":true,\"valueName\":\"search_term_string\"}}],\"inLanguage\":\"fr-FR\"},{\"@type\":[\"Person\",\"Organization\"],\"@id\":\"https:\\\/\\\/patrick-fontaine.com\\\/blog\\\/#\\\/schema\\\/person\\\/05b8f7de3dccdbb9c2b5cbe9922bfa71\",\"name\":\"Patrick Fontaine\",\"image\":{\"@type\":\"ImageObject\",\"inLanguage\":\"fr-FR\",\"@id\":\"https:\\\/\\\/patrick-fontaine.com\\\/blog\\\/wp-content\\\/uploads\\\/2018\\\/03\\\/logo_serpent.png\",\"url\":\"https:\\\/\\\/patrick-fontaine.com\\\/blog\\\/wp-content\\\/uploads\\\/2018\\\/03\\\/logo_serpent.png\",\"contentUrl\":\"https:\\\/\\\/patrick-fontaine.com\\\/blog\\\/wp-content\\\/uploads\\\/2018\\\/03\\\/logo_serpent.png\",\"width\":2000,\"height\":1200,\"caption\":\"Patrick Fontaine\"},\"logo\":{\"@id\":\"https:\\\/\\\/patrick-fontaine.com\\\/blog\\\/wp-content\\\/uploads\\\/2018\\\/03\\\/logo_serpent.png\"}}]}<\/script>\n<!-- \/ Yoast SEO plugin. -->","yoast_head_json":{"title":"La ville d'Orsay - Patrick Fontaine","robots":{"index":"index","follow":"follow","max-snippet":"max-snippet:-1","max-image-preview":"max-image-preview:large","max-video-preview":"max-video-preview:-1"},"canonical":"https:\/\/patrick-fontaine.com\/blog\/2024\/10\/07\/la-ville-dorsay\/","og_locale":"fr_FR","og_type":"article","og_title":"La ville d'Orsay - Patrick Fontaine","og_description":"Conception de la brochure du guide des associations de la mairie d'Orsay.","og_url":"https:\/\/patrick-fontaine.com\/blog\/2024\/10\/07\/la-ville-dorsay\/","og_site_name":"Patrick Fontaine","article_published_time":"2024-10-07T16:07:00+00:00","article_modified_time":"2025-10-27T14:19:43+00:00","og_image":[{"width":1080,"height":1080,"url":"https:\/\/patrick-fontaine.com\/blog\/wp-content\/uploads\/2024\/10\/guide-orsay.webp","type":"image\/webp"}],"author":"Patrick Fontaine","twitter_card":"summary_large_image","twitter_creator":"@hello_patrickf","twitter_site":"@hello_patrickf","twitter_misc":{"\u00c9crit par":"Patrick Fontaine","Dur\u00e9e de lecture estim\u00e9e":"8 minutes"},"schema":{"@context":"https:\/\/schema.org","@graph":[{"@type":"Article","@id":"https:\/\/patrick-fontaine.com\/blog\/2024\/10\/07\/la-ville-dorsay\/#article","isPartOf":{"@id":"https:\/\/patrick-fontaine.com\/blog\/2024\/10\/07\/la-ville-dorsay\/"},"author":{"name":"Patrick Fontaine","@id":"https:\/\/patrick-fontaine.com\/blog\/#\/schema\/person\/05b8f7de3dccdbb9c2b5cbe9922bfa71"},"headline":"La ville d&rsquo;Orsay","datePublished":"2024-10-07T16:07:00+00:00","dateModified":"2025-10-27T14:19:43+00:00","mainEntityOfPage":{"@id":"https:\/\/patrick-fontaine.com\/blog\/2024\/10\/07\/la-ville-dorsay\/"},"wordCount":1077,"commentCount":0,"publisher":{"@id":"https:\/\/patrick-fontaine.com\/blog\/#\/schema\/person\/05b8f7de3dccdbb9c2b5cbe9922bfa71"},"image":{"@id":"https:\/\/patrick-fontaine.com\/blog\/2024\/10\/07\/la-ville-dorsay\/#primaryimage"},"thumbnailUrl":"https:\/\/i0.wp.com\/patrick-fontaine.com\/blog\/wp-content\/uploads\/2024\/10\/guide-orsay.webp?fit=1080%2C1080&ssl=1","keywords":["Digital painting","Graphisme","Icone","Identit\u00e9 visuelle","Illustration","Jeunesse","Vectoriel"],"articleSection":["Graphisme","Illustration"],"inLanguage":"fr-FR","potentialAction":[{"@type":"CommentAction","name":"Comment","target":["https:\/\/patrick-fontaine.com\/blog\/2024\/10\/07\/la-ville-dorsay\/#respond"]}]},{"@type":"WebPage","@id":"https:\/\/patrick-fontaine.com\/blog\/2024\/10\/07\/la-ville-dorsay\/","url":"https:\/\/patrick-fontaine.com\/blog\/2024\/10\/07\/la-ville-dorsay\/","name":"La ville d'Orsay - Patrick Fontaine","isPartOf":{"@id":"https:\/\/patrick-fontaine.com\/blog\/#website"},"primaryImageOfPage":{"@id":"https:\/\/patrick-fontaine.com\/blog\/2024\/10\/07\/la-ville-dorsay\/#primaryimage"},"image":{"@id":"https:\/\/patrick-fontaine.com\/blog\/2024\/10\/07\/la-ville-dorsay\/#primaryimage"},"thumbnailUrl":"https:\/\/i0.wp.com\/patrick-fontaine.com\/blog\/wp-content\/uploads\/2024\/10\/guide-orsay.webp?fit=1080%2C1080&ssl=1","datePublished":"2024-10-07T16:07:00+00:00","dateModified":"2025-10-27T14:19:43+00:00","breadcrumb":{"@id":"https:\/\/patrick-fontaine.com\/blog\/2024\/10\/07\/la-ville-dorsay\/#breadcrumb"},"inLanguage":"fr-FR","potentialAction":[{"@type":"ReadAction","target":["https:\/\/patrick-fontaine.com\/blog\/2024\/10\/07\/la-ville-dorsay\/"]}]},{"@type":"ImageObject","inLanguage":"fr-FR","@id":"https:\/\/patrick-fontaine.com\/blog\/2024\/10\/07\/la-ville-dorsay\/#primaryimage","url":"https:\/\/i0.wp.com\/patrick-fontaine.com\/blog\/wp-content\/uploads\/2024\/10\/guide-orsay.webp?fit=1080%2C1080&ssl=1","contentUrl":"https:\/\/i0.wp.com\/patrick-fontaine.com\/blog\/wp-content\/uploads\/2024\/10\/guide-orsay.webp?fit=1080%2C1080&ssl=1","width":1080,"height":1080},{"@type":"BreadcrumbList","@id":"https:\/\/patrick-fontaine.com\/blog\/2024\/10\/07\/la-ville-dorsay\/#breadcrumb","itemListElement":[{"@type":"ListItem","position":1,"name":"Accueil","item":"https:\/\/patrick-fontaine.com\/blog\/"},{"@type":"ListItem","position":2,"name":"La ville d&rsquo;Orsay"}]},{"@type":"WebSite","@id":"https:\/\/patrick-fontaine.com\/blog\/#website","url":"https:\/\/patrick-fontaine.com\/blog\/","name":"Patrick Fontaine","description":"et son petit blog illustr\u00e9","publisher":{"@id":"https:\/\/patrick-fontaine.com\/blog\/#\/schema\/person\/05b8f7de3dccdbb9c2b5cbe9922bfa71"},"potentialAction":[{"@type":"SearchAction","target":{"@type":"EntryPoint","urlTemplate":"https:\/\/patrick-fontaine.com\/blog\/?s={search_term_string}"},"query-input":{"@type":"PropertyValueSpecification","valueRequired":true,"valueName":"search_term_string"}}],"inLanguage":"fr-FR"},{"@type":["Person","Organization"],"@id":"https:\/\/patrick-fontaine.com\/blog\/#\/schema\/person\/05b8f7de3dccdbb9c2b5cbe9922bfa71","name":"Patrick Fontaine","image":{"@type":"ImageObject","inLanguage":"fr-FR","@id":"https:\/\/patrick-fontaine.com\/blog\/wp-content\/uploads\/2018\/03\/logo_serpent.png","url":"https:\/\/patrick-fontaine.com\/blog\/wp-content\/uploads\/2018\/03\/logo_serpent.png","contentUrl":"https:\/\/patrick-fontaine.com\/blog\/wp-content\/uploads\/2018\/03\/logo_serpent.png","width":2000,"height":1200,"caption":"Patrick Fontaine"},"logo":{"@id":"https:\/\/patrick-fontaine.com\/blog\/wp-content\/uploads\/2018\/03\/logo_serpent.png"}}]}},"jetpack_featured_media_url":"https:\/\/i0.wp.com\/patrick-fontaine.com\/blog\/wp-content\/uploads\/2024\/10\/guide-orsay.webp?fit=1080%2C1080&ssl=1","jetpack_sharing_enabled":true,"jetpack_shortlink":"https:\/\/wp.me\/p9JLro-2gl","jetpack_likes_enabled":false,"_links":{"self":[{"href":"https:\/\/patrick-fontaine.com\/blog\/wp-json\/wp\/v2\/posts\/8701","targetHints":{"allow":["GET"]}}],"collection":[{"href":"https:\/\/patrick-fontaine.com\/blog\/wp-json\/wp\/v2\/posts"}],"about":[{"href":"https:\/\/patrick-fontaine.com\/blog\/wp-json\/wp\/v2\/types\/post"}],"author":[{"embeddable":true,"href":"https:\/\/patrick-fontaine.com\/blog\/wp-json\/wp\/v2\/users\/1"}],"replies":[{"embeddable":true,"href":"https:\/\/patrick-fontaine.com\/blog\/wp-json\/wp\/v2\/comments?post=8701"}],"version-history":[{"count":8,"href":"https:\/\/patrick-fontaine.com\/blog\/wp-json\/wp\/v2\/posts\/8701\/revisions"}],"predecessor-version":[{"id":10781,"href":"https:\/\/patrick-fontaine.com\/blog\/wp-json\/wp\/v2\/posts\/8701\/revisions\/10781"}],"wp:featuredmedia":[{"embeddable":true,"href":"https:\/\/patrick-fontaine.com\/blog\/wp-json\/wp\/v2\/media\/8367"}],"wp:attachment":[{"href":"https:\/\/patrick-fontaine.com\/blog\/wp-json\/wp\/v2\/media?parent=8701"}],"wp:term":[{"taxonomy":"category","embeddable":true,"href":"https:\/\/patrick-fontaine.com\/blog\/wp-json\/wp\/v2\/categories?post=8701"},{"taxonomy":"post_tag","embeddable":true,"href":"https:\/\/patrick-fontaine.com\/blog\/wp-json\/wp\/v2\/tags?post=8701"}],"curies":[{"name":"wp","href":"https:\/\/api.w.org\/{rel}","templated":true}]}}